{"id":107727,"date":"2018-06-13T06:00:56","date_gmt":"2018-06-13T09:00:56","guid":{"rendered":"http:\/\/diarioregionaljf.com.br\/?p=107727"},"modified":"2018-06-12T18:37:45","modified_gmt":"2018-06-12T21:37:45","slug":"social-5","status":"publish","type":"post","link":"https:\/\/diarioregionaldigital.com.br\/?p=107727","title":{"rendered":"Social"},"content":{"rendered":"<p style=\"text-align: center;\"><strong>Pura Arte<\/strong><\/p>\n<p style=\"text-align: center;\">De rar\u00edssima beleza as pinturas do artista pl\u00e1stico Gerson Guedes com o tema \u201cJuiz de Fora\/Recortes Urbanos\u201d, em exposi\u00e7\u00e3o inspirados, na urbe juiz-forana. A mostra est\u00e1 encravada no Independ\u00eancia Shopping.<\/p>\n<p style=\"text-align: center;\"><strong>Gastronomia<\/strong><\/p>\n<p style=\"text-align: center;\">Para os paladares sofisticados, at\u00e9 o dia 30 de junho, os visitantes de Juiz de Fora e regi\u00e3o podem degustar pratos elaborados por chefs dos principais restaurantes da regi\u00e3o de Visconde de Mau\u00e1 e se deliciar com muitos e bons atrativos naturais e culturais.<\/p>\n<p style=\"text-align: center;\"><strong>Futuro<\/strong><\/p>\n<p style=\"text-align: center;\">O Supremo ganhar\u00e1 um \u201cnovo funcion\u00e1rio\u201d com capacidades especiais: \u00e9 Victor, projeto de Intelig\u00eancia artificial desenvolvido pela Universidade de Bras\u00edlia que pode reduzir a lentid\u00e3o do judici\u00e1rio. Victor est\u00e1 em fase de \u201ctreinamento\u201d. Sua fun\u00e7\u00e3o ser\u00e1 analisar os recursos que chegam \u00e0 Corte e identificar aqueles que t\u00eam repercuss\u00e3o geral, ou seja, que tratam de interesses da coletividade.<\/p>\n<p style=\"text-align: center;\"><strong>Olha s\u00f3<\/strong><\/p>\n<p style=\"text-align: center;\">A m\u00fasica brasileira estar\u00e1 afinad\u00edssima no Festival Mimo Arante, em Portugal, no m\u00eas que vem. Para brilhar no palco, foram convocados: Otto, Dona Onete, Moacyr Luz e Baiana System. Haver\u00e1 ainda, exibi\u00e7\u00e3o do filme \u201cFevereiros\u201d, de M\u00e1rcio Debellian, sobre Maria Beth\u00e2nia, no dia 14 de julho.<\/p>\n<p style=\"text-align: center;\"><strong>Not\u00edcia<\/strong><\/p>\n<p style=\"text-align: center;\">O Deputado Estadual e Psiquiatra Ant\u00f4nio Jorge de Souza Marques, participa na pr\u00f3xima segunda-feira, 18 de junho, do 1\u00ba Painel de Pol\u00edticas P\u00fablicas de Preven\u00e7\u00e3o ao Uso de \u00c1lcool e Drogas da Acispes. Ele falar\u00e1 sobre \u201cInsumos para uma pol\u00edtica municipal sobre drogas\u201d.<\/p>\n<p style=\"text-align: center;\"><span style=\"font-size: 18pt;\"><strong>Social<\/strong><\/span><\/p>\n<p style=\"text-align: center;\">A empres\u00e1ria Elis\u00e2ngela Nogueira recebeu em estilo \u00fanico, amigos, familiares e clientes para inaugura\u00e7\u00e3o da nova sede da Nogueira Im\u00f3veis, na rua Oscar Vidal. Com estrutura moderna, os ambientes muito bem acabados e decorados com apurad\u00edssimo bom gosto, faz contraponto para a tecnologia e log\u00edstica implantada pela empresa. As fotos de Leonardo Bonoto ilustram hoje esta p\u00e1gina.<\/p>\n<div id=\"attachment_107695\" style=\"width: 690px\" class=\"wp-caption aligncenter\"><img loading=\"lazy\" decoding=\"async\" aria-describedby=\"caption-attachment-107695\" class=\"wp-image-107695\" src=\"http:\/\/diarioregionaljf.com.br\/wp-content\/uploads\/2018\/06\/fotoa-5.jpg\" alt=\"\" width=\"680\" height=\"453\" srcset=\"https:\/\/diarioregionaldigital.com.br\/wp-content\/uploads\/2018\/06\/fotoa-5.jpg 800w, https:\/\/diarioregionaldigital.com.br\/wp-content\/uploads\/2018\/06\/fotoa-5-300x200.jpg 300w, https:\/\/diarioregionaldigital.com.br\/wp-content\/uploads\/2018\/06\/fotoa-5-768x512.jpg 768w, https:\/\/diarioregionaldigital.com.br\/wp-content\/uploads\/2018\/06\/fotoa-5-360x240.jpg 360w\" sizes=\"auto, (max-width: 680px) 100vw, 680px\" \/><p id=\"caption-attachment-107695\" class=\"wp-caption-text\">Os l\u00edderes, Bruno da Nogueira e a propriet\u00e1ria Elis\u00e2ngela Nogueira<\/p><\/div>\n<div id=\"attachment_107696\" style=\"width: 690px\" class=\"wp-caption aligncenter\"><img loading=\"lazy\" decoding=\"async\" aria-describedby=\"caption-attachment-107696\" class=\"wp-image-107696\" src=\"http:\/\/diarioregionaljf.com.br\/wp-content\/uploads\/2018\/06\/fotob-6.jpg\" alt=\"\" width=\"680\" height=\"435\" srcset=\"https:\/\/diarioregionaldigital.com.br\/wp-content\/uploads\/2018\/06\/fotob-6.jpg 800w, https:\/\/diarioregionaldigital.com.br\/wp-content\/uploads\/2018\/06\/fotob-6-300x192.jpg 300w, https:\/\/diarioregionaldigital.com.br\/wp-content\/uploads\/2018\/06\/fotob-6-768x492.jpg 768w, https:\/\/diarioregionaldigital.com.br\/wp-content\/uploads\/2018\/06\/fotob-6-360x230.jpg 360w\" sizes=\"auto, (max-width: 680px) 100vw, 680px\" \/><p id=\"caption-attachment-107696\" class=\"wp-caption-text\">Marcando presen\u00e7a, o artista pl\u00e1stico F\u00e1bio Gama com \u00c9rica Gama<\/p><\/div>\n<div id=\"attachment_107697\" style=\"width: 690px\" class=\"wp-caption aligncenter\"><img loading=\"lazy\" decoding=\"async\" aria-describedby=\"caption-attachment-107697\" class=\"wp-image-107697\" src=\"http:\/\/diarioregionaljf.com.br\/wp-content\/uploads\/2018\/06\/fotoc-3.jpg\" alt=\"\" width=\"680\" height=\"453\" srcset=\"https:\/\/diarioregionaldigital.com.br\/wp-content\/uploads\/2018\/06\/fotoc-3.jpg 800w, https:\/\/diarioregionaldigital.com.br\/wp-content\/uploads\/2018\/06\/fotoc-3-300x200.jpg 300w, https:\/\/diarioregionaldigital.com.br\/wp-content\/uploads\/2018\/06\/fotoc-3-768x512.jpg 768w, https:\/\/diarioregionaldigital.com.br\/wp-content\/uploads\/2018\/06\/fotoc-3-360x240.jpg 360w\" sizes=\"auto, (max-width: 680px) 100vw, 680px\" \/><p id=\"caption-attachment-107697\" class=\"wp-caption-text\">Eliana Mizuta, Marcos Toledo, Vilmar Saulo e Amilton Dami\u00e3o<\/p><\/div>\n<div id=\"attachment_107698\" style=\"width: 690px\" class=\"wp-caption aligncenter\"><img loading=\"lazy\" decoding=\"async\" aria-describedby=\"caption-attachment-107698\" class=\"wp-image-107698\" src=\"http:\/\/diarioregionaljf.com.br\/wp-content\/uploads\/2018\/06\/fotod-6.jpg\" alt=\"\" width=\"680\" height=\"453\" srcset=\"https:\/\/diarioregionaldigital.com.br\/wp-content\/uploads\/2018\/06\/fotod-6.jpg 800w, https:\/\/diarioregionaldigital.com.br\/wp-content\/uploads\/2018\/06\/fotod-6-300x200.jpg 300w, https:\/\/diarioregionaldigital.com.br\/wp-content\/uploads\/2018\/06\/fotod-6-768x512.jpg 768w, https:\/\/diarioregionaldigital.com.br\/wp-content\/uploads\/2018\/06\/fotod-6-360x240.jpg 360w\" sizes=\"auto, (max-width: 680px) 100vw, 680px\" \/><p id=\"caption-attachment-107698\" class=\"wp-caption-text\">Jamil Arbex e Guilherme Arbex<\/p><\/div>\n<div id=\"attachment_107718\" style=\"width: 690px\" class=\"wp-caption aligncenter\"><img loading=\"lazy\" decoding=\"async\" aria-describedby=\"caption-attachment-107718\" class=\"wp-image-107718\" src=\"http:\/\/diarioregionaljf.com.br\/wp-content\/uploads\/2018\/06\/fotoe-6.jpg\" alt=\"\" width=\"680\" height=\"453\" srcset=\"https:\/\/diarioregionaldigital.com.br\/wp-content\/uploads\/2018\/06\/fotoe-6.jpg 800w, https:\/\/diarioregionaldigital.com.br\/wp-content\/uploads\/2018\/06\/fotoe-6-300x200.jpg 300w, https:\/\/diarioregionaldigital.com.br\/wp-content\/uploads\/2018\/06\/fotoe-6-768x512.jpg 768w, https:\/\/diarioregionaldigital.com.br\/wp-content\/uploads\/2018\/06\/fotoe-6-360x240.jpg 360w\" sizes=\"auto, (max-width: 680px) 100vw, 680px\" \/><p id=\"caption-attachment-107718\" class=\"wp-caption-text\">Marcelo Eli, Larissa Nogueira, Juracyr Martins<\/p><\/div>\n<div id=\"attachment_107700\" style=\"width: 690px\" class=\"wp-caption aligncenter\"><img loading=\"lazy\" decoding=\"async\" aria-describedby=\"caption-attachment-107700\" class=\"wp-image-107700\" src=\"http:\/\/diarioregionaljf.com.br\/wp-content\/uploads\/2018\/06\/fotof-4.jpg\" alt=\"\" width=\"680\" height=\"453\" srcset=\"https:\/\/diarioregionaldigital.com.br\/wp-content\/uploads\/2018\/06\/fotof-4.jpg 800w, https:\/\/diarioregionaldigital.com.br\/wp-content\/uploads\/2018\/06\/fotof-4-300x200.jpg 300w, https:\/\/diarioregionaldigital.com.br\/wp-content\/uploads\/2018\/06\/fotof-4-768x512.jpg 768w, https:\/\/diarioregionaldigital.com.br\/wp-content\/uploads\/2018\/06\/fotof-4-360x240.jpg 360w\" sizes=\"auto, (max-width: 680px) 100vw, 680px\" \/><p id=\"caption-attachment-107700\" class=\"wp-caption-text\">Rodrigo Brum e Camila Brum<\/p><\/div>\n<div id=\"attachment_107701\" style=\"width: 690px\" class=\"wp-caption aligncenter\"><img loading=\"lazy\" decoding=\"async\" aria-describedby=\"caption-attachment-107701\" class=\"wp-image-107701\" src=\"http:\/\/diarioregionaljf.com.br\/wp-content\/uploads\/2018\/06\/fotog-5.jpg\" alt=\"\" width=\"680\" height=\"453\" srcset=\"https:\/\/diarioregionaldigital.com.br\/wp-content\/uploads\/2018\/06\/fotog-5.jpg 800w, https:\/\/diarioregionaldigital.com.br\/wp-content\/uploads\/2018\/06\/fotog-5-300x200.jpg 300w, https:\/\/diarioregionaldigital.com.br\/wp-content\/uploads\/2018\/06\/fotog-5-768x512.jpg 768w, https:\/\/diarioregionaldigital.com.br\/wp-content\/uploads\/2018\/06\/fotog-5-360x240.jpg 360w\" sizes=\"auto, (max-width: 680px) 100vw, 680px\" \/><p id=\"caption-attachment-107701\" class=\"wp-caption-text\">Andr\u00e9 Carapinha e J\u00falio C\u00e9zar<\/p><\/div>\n<div id=\"attachment_107702\" style=\"width: 690px\" class=\"wp-caption aligncenter\"><img loading=\"lazy\" decoding=\"async\" aria-describedby=\"caption-attachment-107702\" class=\"wp-image-107702\" src=\"http:\/\/diarioregionaljf.com.br\/wp-content\/uploads\/2018\/06\/fotoh-6.jpg\" alt=\"\" width=\"680\" height=\"453\" srcset=\"https:\/\/diarioregionaldigital.com.br\/wp-content\/uploads\/2018\/06\/fotoh-6.jpg 800w, https:\/\/diarioregionaldigital.com.br\/wp-content\/uploads\/2018\/06\/fotoh-6-300x200.jpg 300w, https:\/\/diarioregionaldigital.com.br\/wp-content\/uploads\/2018\/06\/fotoh-6-768x512.jpg 768w, https:\/\/diarioregionaldigital.com.br\/wp-content\/uploads\/2018\/06\/fotoh-6-360x240.jpg 360w\" sizes=\"auto, (max-width: 680px) 100vw, 680px\" \/><p id=\"caption-attachment-107702\" class=\"wp-caption-text\">C\u00e1tia Gomes e Elis\u00e2ngela Nogueira<\/p><\/div>\n<div id=\"attachment_107714\" style=\"width: 690px\" class=\"wp-caption aligncenter\"><img loading=\"lazy\" decoding=\"async\" aria-describedby=\"caption-attachment-107714\" class=\"wp-image-107714\" src=\"http:\/\/diarioregionaljf.com.br\/wp-content\/uploads\/2018\/06\/fotoi-6.jpg\" alt=\"\" width=\"680\" height=\"453\" srcset=\"https:\/\/diarioregionaldigital.com.br\/wp-content\/uploads\/2018\/06\/fotoi-6.jpg 800w, https:\/\/diarioregionaldigital.com.br\/wp-content\/uploads\/2018\/06\/fotoi-6-300x200.jpg 300w, https:\/\/diarioregionaldigital.com.br\/wp-content\/uploads\/2018\/06\/fotoi-6-768x512.jpg 768w, https:\/\/diarioregionaldigital.com.br\/wp-content\/uploads\/2018\/06\/fotoi-6-360x240.jpg 360w\" sizes=\"auto, (max-width: 680px) 100vw, 680px\" \/><p id=\"caption-attachment-107714\" class=\"wp-caption-text\">Fabr\u00edcio Riani e Aline Gaio<\/p><\/div>\n<div id=\"attachment_107705\" style=\"width: 690px\" class=\"wp-caption aligncenter\"><img loading=\"lazy\" decoding=\"async\" aria-describedby=\"caption-attachment-107705\" class=\"wp-image-107705\" src=\"http:\/\/diarioregionaljf.com.br\/wp-content\/uploads\/2018\/06\/fotol-2.jpg\" alt=\"\" width=\"680\" height=\"453\" srcset=\"https:\/\/diarioregionaldigital.com.br\/wp-content\/uploads\/2018\/06\/fotol-2.jpg 800w, https:\/\/diarioregionaldigital.com.br\/wp-content\/uploads\/2018\/06\/fotol-2-300x200.jpg 300w, https:\/\/diarioregionaldigital.com.br\/wp-content\/uploads\/2018\/06\/fotol-2-768x512.jpg 768w, https:\/\/diarioregionaldigital.com.br\/wp-content\/uploads\/2018\/06\/fotol-2-360x240.jpg 360w\" sizes=\"auto, (max-width: 680px) 100vw, 680px\" \/><p id=\"caption-attachment-107705\" class=\"wp-caption-text\">Let\u00edcia Ciconeli, Alessandra Rocha, Ramon de Assis, Marisa Dias e Laura Carpanez<\/p><\/div>\n<div id=\"attachment_107706\" style=\"width: 690px\" class=\"wp-caption aligncenter\"><img loading=\"lazy\" decoding=\"async\" aria-describedby=\"caption-attachment-107706\" class=\"wp-image-107706\" src=\"http:\/\/diarioregionaljf.com.br\/wp-content\/uploads\/2018\/06\/fotom-1.jpg\" alt=\"\" width=\"680\" height=\"453\" srcset=\"https:\/\/diarioregionaldigital.com.br\/wp-content\/uploads\/2018\/06\/fotom-1.jpg 800w, https:\/\/diarioregionaldigital.com.br\/wp-content\/uploads\/2018\/06\/fotom-1-300x200.jpg 300w, https:\/\/diarioregionaldigital.com.br\/wp-content\/uploads\/2018\/06\/fotom-1-768x512.jpg 768w, https:\/\/diarioregionaldigital.com.br\/wp-content\/uploads\/2018\/06\/fotom-1-360x240.jpg 360w\" sizes=\"auto, (max-width: 680px) 100vw, 680px\" \/><p id=\"caption-attachment-107706\" class=\"wp-caption-text\">D\u00e1rio Sguizzato e Fernanda Maluf<\/p><\/div>\n<div id=\"attachment_107715\" style=\"width: 690px\" class=\"wp-caption aligncenter\"><img loading=\"lazy\" decoding=\"async\" aria-describedby=\"caption-attachment-107715\" class=\"wp-image-107715\" src=\"http:\/\/diarioregionaljf.com.br\/wp-content\/uploads\/2018\/06\/foton-2.jpg\" alt=\"\" width=\"680\" height=\"453\" srcset=\"https:\/\/diarioregionaldigital.com.br\/wp-content\/uploads\/2018\/06\/foton-2.jpg 800w, https:\/\/diarioregionaldigital.com.br\/wp-content\/uploads\/2018\/06\/foton-2-300x200.jpg 300w, https:\/\/diarioregionaldigital.com.br\/wp-content\/uploads\/2018\/06\/foton-2-768x512.jpg 768w, https:\/\/diarioregionaldigital.com.br\/wp-content\/uploads\/2018\/06\/foton-2-360x240.jpg 360w\" sizes=\"auto, (max-width: 680px) 100vw, 680px\" \/><p id=\"caption-attachment-107715\" class=\"wp-caption-text\">Mar\u00edlia Ciampi, Elis\u00e2ngela Nogueira e Mirian Ciampi<\/p><\/div>\n<div id=\"attachment_107716\" style=\"width: 690px\" class=\"wp-caption aligncenter\"><img loading=\"lazy\" decoding=\"async\" aria-describedby=\"caption-attachment-107716\" class=\"wp-image-107716\" src=\"http:\/\/diarioregionaljf.com.br\/wp-content\/uploads\/2018\/06\/fotoo-1.jpg\" alt=\"\" width=\"680\" height=\"453\" srcset=\"https:\/\/diarioregionaldigital.com.br\/wp-content\/uploads\/2018\/06\/fotoo-1.jpg 800w, https:\/\/diarioregionaldigital.com.br\/wp-content\/uploads\/2018\/06\/fotoo-1-300x200.jpg 300w, https:\/\/diarioregionaldigital.com.br\/wp-content\/uploads\/2018\/06\/fotoo-1-768x512.jpg 768w, https:\/\/diarioregionaldigital.com.br\/wp-content\/uploads\/2018\/06\/fotoo-1-360x240.jpg 360w\" sizes=\"auto, (max-width: 680px) 100vw, 680px\" \/><p id=\"caption-attachment-107716\" class=\"wp-caption-text\">Alessandro Kelmer, Elis\u00e2ngela Nogueira e Bruno Cardoso<\/p><\/div>\n<div id=\"attachment_107709\" style=\"width: 690px\" class=\"wp-caption aligncenter\"><img loading=\"lazy\" decoding=\"async\" aria-describedby=\"caption-attachment-107709\" class=\"wp-image-107709\" src=\"http:\/\/diarioregionaljf.com.br\/wp-content\/uploads\/2018\/06\/fotop.jpg\" alt=\"\" width=\"680\" height=\"453\" srcset=\"https:\/\/diarioregionaldigital.com.br\/wp-content\/uploads\/2018\/06\/fotop.jpg 800w, https:\/\/diarioregionaldigital.com.br\/wp-content\/uploads\/2018\/06\/fotop-300x200.jpg 300w, https:\/\/diarioregionaldigital.com.br\/wp-content\/uploads\/2018\/06\/fotop-768x512.jpg 768w, https:\/\/diarioregionaldigital.com.br\/wp-content\/uploads\/2018\/06\/fotop-360x240.jpg 360w\" sizes=\"auto, (max-width: 680px) 100vw, 680px\" \/><p id=\"caption-attachment-107709\" class=\"wp-caption-text\">Ant\u00f4nio Moraes e Wesley Bonin<\/p><\/div>\n<div id=\"attachment_107717\" style=\"width: 690px\" class=\"wp-caption aligncenter\"><img loading=\"lazy\" decoding=\"async\" aria-describedby=\"caption-attachment-107717\" class=\"wp-image-107717\" src=\"http:\/\/diarioregionaljf.com.br\/wp-content\/uploads\/2018\/06\/fotoq-1.jpg\" alt=\"\" width=\"680\" height=\"453\" srcset=\"https:\/\/diarioregionaldigital.com.br\/wp-content\/uploads\/2018\/06\/fotoq-1.jpg 800w, https:\/\/diarioregionaldigital.com.br\/wp-content\/uploads\/2018\/06\/fotoq-1-300x200.jpg 300w, https:\/\/diarioregionaldigital.com.br\/wp-content\/uploads\/2018\/06\/fotoq-1-768x512.jpg 768w, https:\/\/diarioregionaldigital.com.br\/wp-content\/uploads\/2018\/06\/fotoq-1-360x240.jpg 360w\" sizes=\"auto, (max-width: 680px) 100vw, 680px\" \/><p id=\"caption-attachment-107717\" class=\"wp-caption-text\">Camila Silva e Felipe Silva<\/p><\/div>\n<div id=\"attachment_107711\" style=\"width: 690px\" class=\"wp-caption aligncenter\"><img loading=\"lazy\" decoding=\"async\" aria-describedby=\"caption-attachment-107711\" class=\"wp-image-107711\" src=\"http:\/\/diarioregionaljf.com.br\/wp-content\/uploads\/2018\/06\/fotor.jpg\" alt=\"\" width=\"680\" height=\"455\" srcset=\"https:\/\/diarioregionaldigital.com.br\/wp-content\/uploads\/2018\/06\/fotor.jpg 800w, https:\/\/diarioregionaldigital.com.br\/wp-content\/uploads\/2018\/06\/fotor-300x201.jpg 300w, https:\/\/diarioregionaldigital.com.br\/wp-content\/uploads\/2018\/06\/fotor-768x514.jpg 768w, https:\/\/diarioregionaldigital.com.br\/wp-content\/uploads\/2018\/06\/fotor-360x241.jpg 360w\" sizes=\"auto, (max-width: 680px) 100vw, 680px\" \/><p id=\"caption-attachment-107711\" class=\"wp-caption-text\">Maria Lu\u00edsa Martins e Domingos Caetano Martins<\/p><\/div>\n<div id=\"attachment_107712\" style=\"width: 690px\" class=\"wp-caption aligncenter\"><img loading=\"lazy\" decoding=\"async\" aria-describedby=\"caption-attachment-107712\" class=\"wp-image-107712\" src=\"http:\/\/diarioregionaljf.com.br\/wp-content\/uploads\/2018\/06\/fotoss.jpg\" alt=\"\" width=\"680\" height=\"453\" srcset=\"https:\/\/diarioregionaldigital.com.br\/wp-content\/uploads\/2018\/06\/fotoss.jpg 800w, https:\/\/diarioregionaldigital.com.br\/wp-content\/uploads\/2018\/06\/fotoss-300x200.jpg 300w, https:\/\/diarioregionaldigital.com.br\/wp-content\/uploads\/2018\/06\/fotoss-768x512.jpg 768w, https:\/\/diarioregionaldigital.com.br\/wp-content\/uploads\/2018\/06\/fotoss-360x240.jpg 360w\" sizes=\"auto, (max-width: 680px) 100vw, 680px\" \/><p id=\"caption-attachment-107712\" class=\"wp-caption-text\">Eduardo Gomes e seus afilhados da Banda Malibu<\/p><\/div>\n<div id=\"attachment_107704\" style=\"width: 690px\" class=\"wp-caption aligncenter\"><img loading=\"lazy\" decoding=\"async\" aria-describedby=\"caption-attachment-107704\" class=\"wp-image-107704\" src=\"http:\/\/diarioregionaljf.com.br\/wp-content\/uploads\/2018\/06\/fotoj-6.jpg\" alt=\"\" width=\"680\" height=\"453\" srcset=\"https:\/\/diarioregionaldigital.com.br\/wp-content\/uploads\/2018\/06\/fotoj-6.jpg 800w, https:\/\/diarioregionaldigital.com.br\/wp-content\/uploads\/2018\/06\/fotoj-6-300x200.jpg 300w, https:\/\/diarioregionaldigital.com.br\/wp-content\/uploads\/2018\/06\/fotoj-6-768x512.jpg 768w, https:\/\/diarioregionaldigital.com.br\/wp-content\/uploads\/2018\/06\/fotoj-6-360x240.jpg 360w\" sizes=\"auto, (max-width: 680px) 100vw, 680px\" \/><p id=\"caption-attachment-107704\" class=\"wp-caption-text\">Ramon Rezende, Andreza Dias, S\u00e9rgio Lameirinhas e Carlos Daniel<\/p><\/div>\n<p style=\"text-align: center;\"><strong>FOTOSS\u00cdNTESE<\/strong><\/p>\n<p>Em momento hist\u00f3rico, o Morro do Cristo e a Funalfa est\u00e3o iluminados de verde e amarelo em apoio \u00e0 Sele\u00e7\u00e3o Brasileira para a Copa 2018 na R\u00fassia.<\/p>\n<p>As entidades respons\u00e1veis pelos trabalhos beneficentes da Arquidiocese de Juiz de Fora promoveram com sucesso a quinta edi\u00e7\u00e3o da Feira da Caridade, com tendas expostas no Parque Halfeld.<\/p>\n<p>Localizada em Benfica, a Escola Estadual Ana Salles, recebeu a primeira etapa da obra de funda\u00e7\u00e3o da estrutura f\u00edsica. A obra inclui quatro salas de aula, biblioteca, cozinha e refeit\u00f3rio.<\/p>\n<p>Em boa hora a LBV promoveu para 13 idosos uma oficina de biscuit no Parque da Lajinha. A atividade fez parte da programa\u00e7\u00e3o da 8\u00aa Semana integrada de Meio Ambiente.<\/p>\n<p>Ex\u00f3tica e afinad\u00edssima, Vanessa da Mata sobe ao palco do Cultural na 6\u00aa feira, \u00e0s 23h, no Cultural.<\/p>\n<p>Em cena esporte total, nesta 4\u00aa feira, 13 tem a grande final de Copa 60 + Fut 7, na AABB\/JF. As 10h disputa do terceiro lugar entre Acad\u00eamicos do Bairu X ASE. E \u00e0s 11h, a final entre Tupi X Sport.<\/p>\n<p>Vazando o som de alt\u00edssima qualidade, o evento Blues Fest aterrissa no Jolly Rogers Bar, com Big Monster, Blues Band, Blues &amp; Cia e Hot Shot, no dia 16 de junho, \u00e0s 16h.<\/p>\n<p>O Instituto M\u00e9dico Psico-Pedag\u00f3gico (IMEPP) promove no dia 29 de junho, \u00e0s 17h, no Sal\u00e3o da Igreja Nossa Senhora do Ros\u00e1rio, um super arrai\u00e1 junino, com comida, bebida e quadrilha t\u00edpica.<\/p>\n<p>Para compartilhar: \u201cChique mesmo \u00e9 ser discreto, n\u00e3o fazer perguntas ou insinua\u00e7\u00f5es inoportunas, nem procurar saber o que n\u00e3o \u00e9 da sua conta! (Gl\u00f3ria Kalil). Bom dia.<\/p>\n","protected":false},"excerpt":{"rendered":"<p>Pura Arte De rar\u00edssima beleza as pinturas do artista pl\u00e1stico Gerson Guedes com o tema \u201cJuiz de Fora\/Recortes Urbanos\u201d, em exposi\u00e7\u00e3o inspirados, na urbe juiz-forana. A mostra est\u00e1 encravada no Independ\u00eancia Shopping. Gastronomia Para os paladares sofisticados, at\u00e9 o dia 30 de junho, os visitantes de Juiz de Fora e regi\u00e3o podem degustar pratos elaborados [&hellip;]<\/p>\n","protected":false},"author":96,"featured_media":107695,"comment_status":"closed","ping_status":"closed","sticky":false,"template":"","format":"standard","meta":{"footnotes":""},"categories":[264],"tags":[],"class_list":["post-107727","post","type-post","status-publish","format-standard","has-post-thumbnail","hentry","category-eduardo-gomes"],"_links":{"self":[{"href":"https:\/\/diarioregionaldigital.com.br\/index.php?rest_route=\/wp\/v2\/posts\/107727","targetHints":{"allow":["GET"]}}],"collection":[{"href":"https:\/\/diarioregionaldigital.com.br\/index.php?rest_route=\/wp\/v2\/posts"}],"about":[{"href":"https:\/\/diarioregionaldigital.com.br\/index.php?rest_route=\/wp\/v2\/types\/post"}],"author":[{"embeddable":true,"href":"https:\/\/diarioregionaldigital.com.br\/index.php?rest_route=\/wp\/v2\/users\/96"}],"replies":[{"embeddable":true,"href":"https:\/\/diarioregionaldigital.com.br\/index.php?rest_route=%2Fwp%2Fv2%2Fcomments&post=107727"}],"version-history":[{"count":0,"href":"https:\/\/diarioregionaldigital.com.br\/index.php?rest_route=\/wp\/v2\/posts\/107727\/revisions"}],"wp:featuredmedia":[{"embeddable":true,"href":"https:\/\/diarioregionaldigital.com.br\/index.php?rest_route=\/wp\/v2\/media\/107695"}],"wp:attachment":[{"href":"https:\/\/diarioregionaldigital.com.br\/index.php?rest_route=%2Fwp%2Fv2%2Fmedia&parent=107727"}],"wp:term":[{"taxonomy":"category","embeddable":true,"href":"https:\/\/diarioregionaldigital.com.br\/index.php?rest_route=%2Fwp%2Fv2%2Fcategories&post=107727"},{"taxonomy":"post_tag","embeddable":true,"href":"https:\/\/diarioregionaldigital.com.br\/index.php?rest_route=%2Fwp%2Fv2%2Ftags&post=107727"}],"curies":[{"name":"wp","href":"https:\/\/api.w.org\/{rel}","templated":true}]}}