{"id":107658,"date":"2018-06-12T10:08:32","date_gmt":"2018-06-12T13:08:32","guid":{"rendered":"http:\/\/diarioregionaljf.com.br\/?p=107658"},"modified":"2018-06-12T10:08:32","modified_gmt":"2018-06-12T13:08:32","slug":"vitima-de-parada-cardiorrespiratoria-reencontra-bombeiros-que-o-socorreu","status":"publish","type":"post","link":"https:\/\/diarioregionaldigital.com.br\/?p=107658","title":{"rendered":"V\u00edtima de parada cardiorrespirat\u00f3ria reencontra bombeiros que o socorreu"},"content":{"rendered":"<p>Os militares do Quarto Batalh\u00e3o de Bombeiros Militar (4\u00ba BBM), em Juiz de Fora, receberam uma visita inesperada na manh\u00e3 de domingo, 10. Esteve no quartel o Senhor Moacir Bellozi, socorrido por uma equipe de bombeiros militares na Universidade Federal de Juiz de Fora, no dia 06 de mar\u00e7o, quando se sentiu mal ao fazer exerc\u00edcios f\u00edsicos.<\/p>\n<p>&nbsp;<\/p>\n<p>Os militares retornavam de uma ocorr\u00eancia quando se depararam com uma senhora solicitando socorro para seu marido. Moacir sofreu naquele dia um infarto e entrou em parada cardiorrespirat\u00f3ria (PCR), sendo socorrido pelos bombeiros que fizeram as manobras de ressuscita\u00e7\u00e3o cardiopulmonar (RCP) e, com o apoio da Unidade de Resgate, utilizaram o Desfibrilador Externo Autom\u00e1tico (DEA), obtendo \u00eaxito na opera\u00e7\u00e3o com a retomada da respira\u00e7\u00e3o e circula\u00e7\u00e3o sangu\u00ednea do paciente.<\/p>\n<p>&nbsp;<\/p>\n<p>Ap\u00f3s ficar um per\u00edodo internado e se recuperar do ocorrido, o Senhor Bellozi visitou o quartel e agradeceu a equipe, Sargento Reinaldo, Sargento Paconi e Soldado Tiago, que o atendeu de maneira r\u00e1pida e eficiente.<\/p>\n<p>&nbsp;<\/p>\n<p>Segundo os m\u00e9dicos que o atendeu, a a\u00e7\u00e3o dos militares do Corpo de Bombeiros foi fundamental para que ele sobrevivesse sem sequelas.<\/p>\n<p>&nbsp;<\/p>\n<p>A satisfa\u00e7\u00e3o de ver uma v\u00edtima retornar ao quartel para prestar os agradecimentos gerou nos militares uma enorme alegria e a certeza do dever cumprido, ressaltando ainda mais a alegria de poder fazer parte de uma institui\u00e7\u00e3o que d\u00e1 a vida para que os outros possam viver.<\/p>\n<p>Fonte: Assessoria \/ Bombeiros<\/p>\n","protected":false},"excerpt":{"rendered":"<p>Os militares do Quarto Batalh\u00e3o de Bombeiros Militar (4\u00ba BBM), em Juiz de Fora, receberam uma visita inesperada na manh\u00e3 de domingo, 10. Esteve no quartel o Senhor Moacir Bellozi, socorrido por uma equipe de bombeiros militares na Universidade Federal de Juiz de Fora, no dia 06 de mar\u00e7o, quando se sentiu mal ao fazer [&hellip;]<\/p>\n","protected":false},"author":96,"featured_media":107659,"comment_status":"closed","ping_status":"closed","sticky":false,"template":"","format":"standard","meta":{"footnotes":""},"categories":[253,439],"tags":[],"class_list":["post-107658","post","type-post","status-publish","format-standard","has-post-thumbnail","hentry","category-cidade","category-ultima-hora"],"_links":{"self":[{"href":"https:\/\/diarioregionaldigital.com.br\/index.php?rest_route=\/wp\/v2\/posts\/107658","targetHints":{"allow":["GET"]}}],"collection":[{"href":"https:\/\/diarioregionaldigital.com.br\/index.php?rest_route=\/wp\/v2\/posts"}],"about":[{"href":"https:\/\/diarioregionaldigital.com.br\/index.php?rest_route=\/wp\/v2\/types\/post"}],"author":[{"embeddable":true,"href":"https:\/\/diarioregionaldigital.com.br\/index.php?rest_route=\/wp\/v2\/users\/96"}],"replies":[{"embeddable":true,"href":"https:\/\/diarioregionaldigital.com.br\/index.php?rest_route=%2Fwp%2Fv2%2Fcomments&post=107658"}],"version-history":[{"count":0,"href":"https:\/\/diarioregionaldigital.com.br\/index.php?rest_route=\/wp\/v2\/posts\/107658\/revisions"}],"wp:featuredmedia":[{"embeddable":true,"href":"https:\/\/diarioregionaldigital.com.br\/index.php?rest_route=\/wp\/v2\/media\/107659"}],"wp:attachment":[{"href":"https:\/\/diarioregionaldigital.com.br\/index.php?rest_route=%2Fwp%2Fv2%2Fmedia&parent=107658"}],"wp:term":[{"taxonomy":"category","embeddable":true,"href":"https:\/\/diarioregionaldigital.com.br\/index.php?rest_route=%2Fwp%2Fv2%2Fcategories&post=107658"},{"taxonomy":"post_tag","embeddable":true,"href":"https:\/\/diarioregionaldigital.com.br\/index.php?rest_route=%2Fwp%2Fv2%2Ftags&post=107658"}],"curies":[{"name":"wp","href":"https:\/\/api.w.org\/{rel}","templated":true}]}}