{"id":107650,"date":"2018-06-12T09:31:21","date_gmt":"2018-06-12T12:31:21","guid":{"rendered":"http:\/\/diarioregionaljf.com.br\/?p=107650"},"modified":"2018-06-12T13:34:57","modified_gmt":"2018-06-12T16:34:57","slug":"homem-morre-apos-ser-agredido-em-distrito-de-leopoldina","status":"publish","type":"post","link":"https:\/\/diarioregionaldigital.com.br\/?p=107650","title":{"rendered":"Homem morre ap\u00f3s ser agredido em distrito de Leopoldina"},"content":{"rendered":"<p>Um homem de 36 anos morreu nessa segunda, 11, ap\u00f3s sofrer agress\u00f5es no distrito de Ribeiro Junqueira, em Leopoldina, na madrugada do domingo, 10. Segundo a Pol\u00edcia Militar, uma testemunha informou que ele bateu a cabe\u00e7a ao solo ap\u00f3s levar um soco e continuou sendo agredido durante uma briga.<\/p>\n<p>Ainda segundo a PM, o registro foi feito na tarde desta segunda, e de acordo com o relato da solicitante, a briga teve in\u00edcio por volta de 1h00 na Pra\u00e7a Jo\u00e3o de Castro Lacerda, por motivos banais. A v\u00edtima, C.E.P.S., caiu e veio a bater a nuca contra o solo, e mesmo assim, o suspeito, um homem de 29 anos, continuou as agress\u00f5es com chutes na regi\u00e3o do tronco da v\u00edtima.<\/p>\n<p>O homem foi socorrido rapidamente por amigos e familiares para o Hospital de Laranjal onde permaneceu internado at\u00e9 \u00e0s 13h00 de ontem e transferido para o Hospital S\u00e3o Paulo em Muria\u00e9 onde veio a \u00f3bito por volta das 12h00 desta segunda, conforme informado pela solicitante \u00e0 Pol\u00edcia Militar.\u00a0O autor das agress\u00f5es foi identificado, mas at\u00e9 o fechamento desta mat\u00e9ria n\u00e3o havia sido localizado.<\/p>\n<p>O caso foi encaminhado para a Pol\u00edcia Civil de Leopoldina.<\/p>\n","protected":false},"excerpt":{"rendered":"<p>Um homem de 36 anos morreu nessa segunda, 11, ap\u00f3s sofrer agress\u00f5es no distrito de Ribeiro Junqueira, em Leopoldina, na madrugada do domingo, 10. Segundo a Pol\u00edcia Militar, uma testemunha informou que ele bateu a cabe\u00e7a ao solo ap\u00f3s levar um soco e continuou sendo agredido durante uma briga. Ainda segundo a PM, o registro [&hellip;]<\/p>\n","protected":false},"author":96,"featured_media":107651,"comment_status":"closed","ping_status":"closed","sticky":false,"template":"","format":"standard","meta":{"footnotes":""},"categories":[252,439],"tags":[],"class_list":["post-107650","post","type-post","status-publish","format-standard","has-post-thumbnail","hentry","category-regiao","category-ultima-hora"],"_links":{"self":[{"href":"https:\/\/diarioregionaldigital.com.br\/index.php?rest_route=\/wp\/v2\/posts\/107650","targetHints":{"allow":["GET"]}}],"collection":[{"href":"https:\/\/diarioregionaldigital.com.br\/index.php?rest_route=\/wp\/v2\/posts"}],"about":[{"href":"https:\/\/diarioregionaldigital.com.br\/index.php?rest_route=\/wp\/v2\/types\/post"}],"author":[{"embeddable":true,"href":"https:\/\/diarioregionaldigital.com.br\/index.php?rest_route=\/wp\/v2\/users\/96"}],"replies":[{"embeddable":true,"href":"https:\/\/diarioregionaldigital.com.br\/index.php?rest_route=%2Fwp%2Fv2%2Fcomments&post=107650"}],"version-history":[{"count":0,"href":"https:\/\/diarioregionaldigital.com.br\/index.php?rest_route=\/wp\/v2\/posts\/107650\/revisions"}],"wp:featuredmedia":[{"embeddable":true,"href":"https:\/\/diarioregionaldigital.com.br\/index.php?rest_route=\/wp\/v2\/media\/107651"}],"wp:attachment":[{"href":"https:\/\/diarioregionaldigital.com.br\/index.php?rest_route=%2Fwp%2Fv2%2Fmedia&parent=107650"}],"wp:term":[{"taxonomy":"category","embeddable":true,"href":"https:\/\/diarioregionaldigital.com.br\/index.php?rest_route=%2Fwp%2Fv2%2Fcategories&post=107650"},{"taxonomy":"post_tag","embeddable":true,"href":"https:\/\/diarioregionaldigital.com.br\/index.php?rest_route=%2Fwp%2Fv2%2Ftags&post=107650"}],"curies":[{"name":"wp","href":"https:\/\/api.w.org\/{rel}","templated":true}]}}