{"id":107647,"date":"2018-06-12T09:24:49","date_gmt":"2018-06-12T12:24:49","guid":{"rendered":"http:\/\/diarioregionaljf.com.br\/?p=107647"},"modified":"2018-06-12T13:35:17","modified_gmt":"2018-06-12T16:35:17","slug":"prefeitura-intensifica-fiscalizacao-na-feira-da-avenida-brasil","status":"publish","type":"post","link":"https:\/\/diarioregionaldigital.com.br\/?p=107647","title":{"rendered":"Prefeitura intensifica fiscaliza\u00e7\u00e3o na feira da Avenida Brasil"},"content":{"rendered":"<p>Equipe de fiscaliza\u00e7\u00e3o da Prefeitura de Juiz de Fora (PJF) atuou neste domingo, 10, na feira livre da Avenida Brasil. Os servidores fizeram as verifica\u00e7\u00f5es de rotina, visando o bom funcionamento do espa\u00e7o, dando mais tranquilidade a feirantes e consumidores. Esta feira recebe, semanalmente, p\u00fablico estimado de 15 mil pessoas. A a\u00e7\u00e3o contou com participa\u00e7\u00e3o das secretarias de Agropecu\u00e1ria e Abastecimento (SAA), Atividades Urbanas (SAU) e Seguran\u00e7a Urbana e Cidadania (Sesuc), atrav\u00e9s da Guarda Municipal (GM), subsecretaria de Defesa Civil e Pol\u00edcia Militar (PM).<\/p>\n<p>A SAA intensificou as a\u00e7\u00f5es para verifica\u00e7\u00e3o de alvar\u00e1s dos feirantes, produtos e mercadorias comercializados, al\u00e9m da localiza\u00e7\u00e3o das barracas. A fiscaliza\u00e7\u00e3o da SAU verificou quest\u00f5es relacionadas \u00e0s posturas municipais e orientou os participantes da feira quanto as regras existentes. O objetivo \u00e9 coibir situa\u00e7\u00f5es que possam vir a comprometer o bom funcionamento. A Defesa Civil observou a utiliza\u00e7\u00e3o de alguns locais com risco e orientou os feirantes. GM e PM deram cobertura \u00e0 a\u00e7\u00e3o dos demais \u00f3rg\u00e3os, sendo que a presen\u00e7a da Guarda tamb\u00e9m \u00e9 necess\u00e1ria para restabelecer a seguran\u00e7a do com\u00e9rcio autorizado. Ainda para este m\u00eas est\u00e1 prevista mais uma a\u00e7\u00e3o conjunta nesta feira.<\/p>\n<p>A feira livre fomenta a participa\u00e7\u00e3o dos pequenos produtores de Juiz de Fora e regi\u00e3o no abastecimento e na oferta de produtos de alta qualidade. A da Avenida Brasil funciona tradicionalmente aos domingos, de 7 \u00e0s 12 horas.<\/p>\n<p>Fonte: Assessoria \/ PJF<\/p>\n","protected":false},"excerpt":{"rendered":"<p>Equipe de fiscaliza\u00e7\u00e3o da Prefeitura de Juiz de Fora (PJF) atuou neste domingo, 10, na feira livre da Avenida Brasil. Os servidores fizeram as verifica\u00e7\u00f5es de rotina, visando o bom funcionamento do espa\u00e7o, dando mais tranquilidade a feirantes e consumidores. Esta feira recebe, semanalmente, p\u00fablico estimado de 15 mil pessoas. A a\u00e7\u00e3o contou com participa\u00e7\u00e3o [&hellip;]<\/p>\n","protected":false},"author":96,"featured_media":107648,"comment_status":"closed","ping_status":"closed","sticky":false,"template":"","format":"standard","meta":{"footnotes":""},"categories":[253,439],"tags":[],"class_list":["post-107647","post","type-post","status-publish","format-standard","has-post-thumbnail","hentry","category-cidade","category-ultima-hora"],"_links":{"self":[{"href":"https:\/\/diarioregionaldigital.com.br\/index.php?rest_route=\/wp\/v2\/posts\/107647","targetHints":{"allow":["GET"]}}],"collection":[{"href":"https:\/\/diarioregionaldigital.com.br\/index.php?rest_route=\/wp\/v2\/posts"}],"about":[{"href":"https:\/\/diarioregionaldigital.com.br\/index.php?rest_route=\/wp\/v2\/types\/post"}],"author":[{"embeddable":true,"href":"https:\/\/diarioregionaldigital.com.br\/index.php?rest_route=\/wp\/v2\/users\/96"}],"replies":[{"embeddable":true,"href":"https:\/\/diarioregionaldigital.com.br\/index.php?rest_route=%2Fwp%2Fv2%2Fcomments&post=107647"}],"version-history":[{"count":0,"href":"https:\/\/diarioregionaldigital.com.br\/index.php?rest_route=\/wp\/v2\/posts\/107647\/revisions"}],"wp:featuredmedia":[{"embeddable":true,"href":"https:\/\/diarioregionaldigital.com.br\/index.php?rest_route=\/wp\/v2\/media\/107648"}],"wp:attachment":[{"href":"https:\/\/diarioregionaldigital.com.br\/index.php?rest_route=%2Fwp%2Fv2%2Fmedia&parent=107647"}],"wp:term":[{"taxonomy":"category","embeddable":true,"href":"https:\/\/diarioregionaldigital.com.br\/index.php?rest_route=%2Fwp%2Fv2%2Fcategories&post=107647"},{"taxonomy":"post_tag","embeddable":true,"href":"https:\/\/diarioregionaldigital.com.br\/index.php?rest_route=%2Fwp%2Fv2%2Ftags&post=107647"}],"curies":[{"name":"wp","href":"https:\/\/api.w.org\/{rel}","templated":true}]}}