{"id":107643,"date":"2018-06-12T09:15:42","date_gmt":"2018-06-12T12:15:42","guid":{"rendered":"http:\/\/diarioregionaljf.com.br\/?p=107643"},"modified":"2018-06-12T13:35:09","modified_gmt":"2018-06-12T16:35:09","slug":"servicos-gratuitos-de-saude-marcam-dia-municipal-de-conscientizacao-da-cardiopatia-congenita","status":"publish","type":"post","link":"https:\/\/diarioregionaldigital.com.br\/?p=107643","title":{"rendered":"Servi\u00e7os gratuitos de sa\u00fade marcam Dia Municipal de Conscientiza\u00e7\u00e3o da Cardiopatia Cong\u00eanita"},"content":{"rendered":"<p>Quem passar pelo Cal\u00e7ad\u00e3o da Rua S\u00e3o Jo\u00e3o, nesta ter\u00e7a-feira, 12, vai se deparar com algo inusitado: centenas de cora\u00e7\u00f5es flutuantes estar\u00e3o espalhados pela via numa a\u00e7\u00e3o especial para marcar o Dia Conscientiza\u00e7\u00e3o da Cardiopatia Cong\u00eanita. A data celebrada nacionalmente, \u00e9 marcada em Juiz de Fora tamb\u00e9m por for\u00e7a da Lei 12.120\/2010, de autoria do ent\u00e3o vereador Bruno Siqueira, que institui 12 de junho como Dia Municipal de Conscientiza\u00e7\u00e3o da Cardiopatia Cong\u00eanita. O projeto de lei que instituiu a data no calend\u00e1rio oficial do munic\u00edpio destaca a iniciativa como de \u201cextrema import\u00e2ncia\u201d, considerando-se, principalmente, que a mol\u00e9stia representa um dos defeitos cong\u00eanitos mais comuns e uma das principais causas de \u00f3bitos relacionada \u00e0 m\u00e1 forma\u00e7\u00e3o do cora\u00e7\u00e3o.<\/p>\n<p>A iniciativa da a\u00e7\u00e3o de mobiliza\u00e7\u00e3o social \u00e9 promovida pelo projeto \u201cBem Comum\u201d, da Secretaria de Comunica\u00e7\u00e3o Social (SCS), da Prefeitura de Juiz de Fora (PJF), com apoio da Secretaria de Sa\u00fade (SS), e parceria com a Associa\u00e7\u00e3o de Lojistas Rua S\u00e3o Jo\u00e3o. No local, haver\u00e1 atendimentos gratuitos e orienta\u00e7\u00f5es, al\u00e9m de testes b\u00e1sicos para avaliar a sa\u00fade do cora\u00e7\u00e3o. Os servi\u00e7os acontecem das 9h \u00e0s 13 horas. A inten\u00e7\u00e3o \u00e9 chamar a aten\u00e7\u00e3o para a doen\u00e7a que \u00e9 considerada uma das mais comuns entre os brasileiros, atingindo 1 em cada 100 beb\u00eas, e mostrar que, quanto mais cedo a doen\u00e7a for diagnosticada, maiores ser\u00e3o as chances de a pessoa receber o tratamento adequado e ter uma vida normal.<\/p>\n<p>Para a programa\u00e7\u00e3o, ser\u00e1 montada uma tenda com uma cardiologista pedi\u00e1trica, enfermeiros e acad\u00eamicos de medicina que atuam no Departamento de Sa\u00fade da Crian\u00e7a e do Adolescente (DSCA) da SS, realizando aferi\u00e7\u00e3o de press\u00e3o arterial e ausculta card\u00edaca de crian\u00e7as e adultos, al\u00e9m de oferecer orienta\u00e7\u00f5es importantes a pais e respons\u00e1veis. Ap\u00f3s a realiza\u00e7\u00e3o dos exames, caso seja detectada qualquer anormalidade, ser\u00e1 feito o encaminhamento do pequeno paciente ao atendimento especializado no Ambulat\u00f3rio de Cardiologia do DSCA para completo diagn\u00f3stico e tratamento. Enquanto crian\u00e7as e adultos passam pelas avalia\u00e7\u00f5es, as atividades de recrea\u00e7\u00e3o ficar\u00e3o por conta da animadora \u201cMiloca\u201d e os \u201cDoutores do Amor\u201d.<\/p>\n<p>Na maioria das cidades brasileiras, o dia 12 de junho foi escolhido intencionalmente para marcar o dia de Conscientiza\u00e7\u00e3o da Cardiopatia Cong\u00eanita porque nesta mesma data se comemora o Dia dos Namorados. Desta forma, os cora\u00e7\u00f5es utilizados em campanhas publicit\u00e1rias, s\u00edmbolos j\u00e1 expostos em todo com\u00e9rcio e meios de comunica\u00e7\u00e3o, s\u00e3o usados tamb\u00e9m para lembrar o problema e a import\u00e2ncia do diagn\u00f3stico precoce, al\u00e9m de abordar sobre a capacita\u00e7\u00e3o dos profissionais envolvidos e dos exames feitos no pr\u00e9-natal.<\/p>\n<p><b>A doen\u00e7a<\/b><\/p>\n<p>De acordo com dados do Minist\u00e9rio da Sa\u00fade, no Brasil a cardiopatia cong\u00eanita representa cerca de 8% da mortalidade infantil. A doen\u00e7a \u00e9 caracterizada por qualquer anormalidade apresentada na estrutura ou funcionalidade do cora\u00e7\u00e3o. Pode ser detectada ainda na gesta\u00e7\u00e3o ou nas primeiras 24 horas de vida. O problema decorre de altera\u00e7\u00e3o no desenvolvimento embrion\u00e1rio da estrutura card\u00edaca e pode levar anos para se manifestar, se n\u00e3o descoberto. A m\u00e9dica do Departamento de Sa\u00fade da Crian\u00e7a e do Adolescente (DSCA), Mariana Constantina, explica que, para diagnosticar a doen\u00e7a, o exame do ox\u00edmetro ou Teste do Cora\u00e7\u00e3ozinho \u00e9 feito logo nas primeiras horas de vida da crian\u00e7a: \u201cO aparelho avalia as taxas de pulso, batimentos card\u00edacos e oxigena\u00e7\u00e3o sangu\u00ednea. Se for detectada alguma altera\u00e7\u00e3o, a crian\u00e7a \u00e9 encaminhada para realizar o exame de ecocardiograma, que confirmar\u00e1 qual o tipo de problema, para que o m\u00e9dico oriente sobre o tratamento adequado. Em alguns casos, a crian\u00e7a fica totalmente curada at\u00e9 os 2 anos de vida, conforme o corpo e o \u00f3rg\u00e3o se desenvolvem. Em outros, somente a cirurgia corrige a anomalia\u201d.<\/p>\n<p>Caso a crian\u00e7a n\u00e3o tenha tido o diagn\u00f3stico precoce, a m\u00e3e pode ficar atenta a alguns sintomas, como pele arroxeada, cansa\u00e7o ao mamar, falta de ar e pneumonia de repeti\u00e7\u00e3o. O Teste do Cora\u00e7\u00e3ozinho \u00e9 feito em todos os hospitais de Juiz de Fora onde se realizam partos.<\/p>\n<p>Fonte: Assessoria \/ PJF<\/p>\n","protected":false},"excerpt":{"rendered":"<p>Quem passar pelo Cal\u00e7ad\u00e3o da Rua S\u00e3o Jo\u00e3o, nesta ter\u00e7a-feira, 12, vai se deparar com algo inusitado: centenas de cora\u00e7\u00f5es flutuantes estar\u00e3o espalhados pela via numa a\u00e7\u00e3o especial para marcar o Dia Conscientiza\u00e7\u00e3o da Cardiopatia Cong\u00eanita. A data celebrada nacionalmente, \u00e9 marcada em Juiz de Fora tamb\u00e9m por for\u00e7a da Lei 12.120\/2010, de autoria do [&hellip;]<\/p>\n","protected":false},"author":96,"featured_media":107645,"comment_status":"closed","ping_status":"closed","sticky":false,"template":"","format":"standard","meta":{"footnotes":""},"categories":[253,439],"tags":[],"class_list":["post-107643","post","type-post","status-publish","format-standard","has-post-thumbnail","hentry","category-cidade","category-ultima-hora"],"_links":{"self":[{"href":"https:\/\/diarioregionaldigital.com.br\/index.php?rest_route=\/wp\/v2\/posts\/107643","targetHints":{"allow":["GET"]}}],"collection":[{"href":"https:\/\/diarioregionaldigital.com.br\/index.php?rest_route=\/wp\/v2\/posts"}],"about":[{"href":"https:\/\/diarioregionaldigital.com.br\/index.php?rest_route=\/wp\/v2\/types\/post"}],"author":[{"embeddable":true,"href":"https:\/\/diarioregionaldigital.com.br\/index.php?rest_route=\/wp\/v2\/users\/96"}],"replies":[{"embeddable":true,"href":"https:\/\/diarioregionaldigital.com.br\/index.php?rest_route=%2Fwp%2Fv2%2Fcomments&post=107643"}],"version-history":[{"count":0,"href":"https:\/\/diarioregionaldigital.com.br\/index.php?rest_route=\/wp\/v2\/posts\/107643\/revisions"}],"wp:featuredmedia":[{"embeddable":true,"href":"https:\/\/diarioregionaldigital.com.br\/index.php?rest_route=\/wp\/v2\/media\/107645"}],"wp:attachment":[{"href":"https:\/\/diarioregionaldigital.com.br\/index.php?rest_route=%2Fwp%2Fv2%2Fmedia&parent=107643"}],"wp:term":[{"taxonomy":"category","embeddable":true,"href":"https:\/\/diarioregionaldigital.com.br\/index.php?rest_route=%2Fwp%2Fv2%2Fcategories&post=107643"},{"taxonomy":"post_tag","embeddable":true,"href":"https:\/\/diarioregionaldigital.com.br\/index.php?rest_route=%2Fwp%2Fv2%2Ftags&post=107643"}],"curies":[{"name":"wp","href":"https:\/\/api.w.org\/{rel}","templated":true}]}}