{"id":107640,"date":"2018-06-12T08:30:05","date_gmt":"2018-06-12T11:30:05","guid":{"rendered":"http:\/\/diarioregionaljf.com.br\/?p=107640"},"modified":"2018-06-12T10:14:34","modified_gmt":"2018-06-12T13:14:34","slug":"acispes-realiza-evento-para-debater-prevencao-de-alcool-e-drogas","status":"publish","type":"post","link":"https:\/\/diarioregionaldigital.com.br\/?p=107640","title":{"rendered":"Acispes realiza evento para debater preven\u00e7\u00e3o de \u00e1lcool e drogas"},"content":{"rendered":"<p>O uso indevido de<strong>\u00a0<\/strong>drogas ganhou propor\u00e7\u00f5es t\u00e3o graves nas \u00faltimas d\u00e9cadas que hoje \u00e9 um desafio da sa\u00fade p\u00fablica no pa\u00eds. Al\u00e9m disso, esse \u00e9 um problema que gera s\u00e9rias conseq\u00fc\u00eancias nos demais segmentos da sociedade por sua rela\u00e7\u00e3o comprovada com os agravos sociais, como acidentes de tr\u00e2nsito e de trabalho, viol\u00eancia domiciliar e aumento da criminalidade.<\/p>\n<p>Com objetivo de promover discuss\u00f5es sobre esse tema, a Ag\u00eancia de Coopera\u00e7\u00e3o Intermunicipal em Sa\u00fade P\u00e9 da Serra (Acispes) vai realizar no dia 18 de junho, de 8h \u00e0s 12h, o 1\u00ba Painel sobre Pol\u00edticas de Preven\u00e7\u00e3o ao Uso de \u00c1lcool e Drogas, com debate voltado para o acolhimento e tratamento de dependentes qu\u00edmicos nos munic\u00edpios da regi\u00e3o.<\/p>\n<p>O evento faz parte da programa\u00e7\u00e3o da Semana Estadual de Preven\u00e7\u00e3o ao Uso e Abuso de \u00c1lcool e outras Drogas e ter\u00e1 como p\u00fablico alvo os servidores da Sa\u00fade e Assist\u00eancia Social que trabalham nessa \u00e1rea. As inscri\u00e7\u00f5es est\u00e3o sendo feitas pelo telefone (32) 3313-4048, de 14h \u00e0s 18h, e as vagas s\u00e3o limitadas.<\/p>\n<p>O Painel contar\u00e1 com tr\u00eas palestras. A primeira delas vai abordar a import\u00e2ncia do fortalecimento dos Conselhos Municipais de Pol\u00edticas Sobre \u00c1lcool e Drogas (Comads) e ser\u00e1 ministrada pela Presidente do Conselho Municipal de Pol\u00edticas sobre Drogas de Contagem, Soraya Romina. J\u00e1 a segunda palestra ser\u00e1 do Psiquiatra e Deputado Estadual Antonio Jorge de Souza Marques e ter\u00e1 como tema os \u201cInsumos para uma Pol\u00edtica Municipal Sobre Drogas\u201d. Por fim, o Painel contar\u00e1 com a palestra \u201cInterna\u00e7\u00e3o Compuls\u00f3ria: Mitos e Verdades\u201d, do promotor de justi\u00e7a aposentado e ex-coordenador do Centro de Apoio Operacional das Promotorias de Justi\u00e7a de Defesa da Sa\u00fade, Gilmar Assis.<\/p>\n<p>&nbsp;<\/p>\n<p>Fonte: Assessoria<\/p>\n","protected":false},"excerpt":{"rendered":"<p>O uso indevido de\u00a0drogas ganhou propor\u00e7\u00f5es t\u00e3o graves nas \u00faltimas d\u00e9cadas que hoje \u00e9 um desafio da sa\u00fade p\u00fablica no pa\u00eds. Al\u00e9m disso, esse \u00e9 um problema que gera s\u00e9rias conseq\u00fc\u00eancias nos demais segmentos da sociedade por sua rela\u00e7\u00e3o comprovada com os agravos sociais, como acidentes de tr\u00e2nsito e de trabalho, viol\u00eancia domiciliar e aumento [&hellip;]<\/p>\n","protected":false},"author":96,"featured_media":107664,"comment_status":"closed","ping_status":"closed","sticky":false,"template":"","format":"standard","meta":{"footnotes":""},"categories":[253,439],"tags":[],"class_list":["post-107640","post","type-post","status-publish","format-standard","has-post-thumbnail","hentry","category-cidade","category-ultima-hora"],"_links":{"self":[{"href":"https:\/\/diarioregionaldigital.com.br\/index.php?rest_route=\/wp\/v2\/posts\/107640","targetHints":{"allow":["GET"]}}],"collection":[{"href":"https:\/\/diarioregionaldigital.com.br\/index.php?rest_route=\/wp\/v2\/posts"}],"about":[{"href":"https:\/\/diarioregionaldigital.com.br\/index.php?rest_route=\/wp\/v2\/types\/post"}],"author":[{"embeddable":true,"href":"https:\/\/diarioregionaldigital.com.br\/index.php?rest_route=\/wp\/v2\/users\/96"}],"replies":[{"embeddable":true,"href":"https:\/\/diarioregionaldigital.com.br\/index.php?rest_route=%2Fwp%2Fv2%2Fcomments&post=107640"}],"version-history":[{"count":0,"href":"https:\/\/diarioregionaldigital.com.br\/index.php?rest_route=\/wp\/v2\/posts\/107640\/revisions"}],"wp:featuredmedia":[{"embeddable":true,"href":"https:\/\/diarioregionaldigital.com.br\/index.php?rest_route=\/wp\/v2\/media\/107664"}],"wp:attachment":[{"href":"https:\/\/diarioregionaldigital.com.br\/index.php?rest_route=%2Fwp%2Fv2%2Fmedia&parent=107640"}],"wp:term":[{"taxonomy":"category","embeddable":true,"href":"https:\/\/diarioregionaldigital.com.br\/index.php?rest_route=%2Fwp%2Fv2%2Fcategories&post=107640"},{"taxonomy":"post_tag","embeddable":true,"href":"https:\/\/diarioregionaldigital.com.br\/index.php?rest_route=%2Fwp%2Fv2%2Ftags&post=107640"}],"curies":[{"name":"wp","href":"https:\/\/api.w.org\/{rel}","templated":true}]}}