{"id":107638,"date":"2018-06-12T08:16:24","date_gmt":"2018-06-12T11:16:24","guid":{"rendered":"http:\/\/diarioregionaljf.com.br\/?p=107638"},"modified":"2018-06-12T08:16:43","modified_gmt":"2018-06-12T11:16:43","slug":"menor-e-detido-por-trafico-de-drogas-no-grama","status":"publish","type":"post","link":"https:\/\/diarioregionaldigital.com.br\/?p=107638","title":{"rendered":"Menor \u00e9 detido por tr\u00e1fico de drogas no Grama"},"content":{"rendered":"<p>Um adolescente de 14 anos foi detido por tr\u00e1fico de drogas na Rua Ver\u00edssimo Lopes Guimar\u00e3es, no bairro Grama, zona Nordeste da cidade, na tarde dessa segunda-feira, 11.<\/p>\n<p>De acordo com a Pol\u00edcia Militar (PM), uma guarni\u00e7\u00e3o compareceu ao local ap\u00f3s recebimento de den\u00fancia an\u00f4nima.\u00a0 Ao perceber a aproxima\u00e7\u00e3o dos militares, o menor teria tentado fugir, entrando pelos corredores de uma escola estadual. O adolescente foi encontrado no interior de um dos banheiros da institui\u00e7\u00e3o de ensino.<\/p>\n<p>Durante busca pessoal no menor, foram localizadas 58 pedras de crack e um papelote de coca\u00edna. Com aux\u00edlio de c\u00e3es farejadores, foram encontradas outras 12 pedras de crack, escondidas em uma calha de \u00e1gua.<\/p>\n<p>Ainda segundo a PM, ao ser contido o autor amea\u00e7ou alunos e professores da escola.<\/p>\n<p>O menor, que j\u00e1 tem passagens policiais por tr\u00e1fico, recepta\u00e7\u00e3o e outros crimes, foi apreendido em flagrante e conduzido, juntamente com os materiais apreendidos, \u00e0 presen\u00e7a da autoridade de pol\u00edcia judici\u00e1ria para as demais provid\u00eancias.<\/p>\n","protected":false},"excerpt":{"rendered":"<p>Um adolescente de 14 anos foi detido por tr\u00e1fico de drogas na Rua Ver\u00edssimo Lopes Guimar\u00e3es, no bairro Grama, zona Nordeste da cidade, na tarde dessa segunda-feira, 11. De acordo com a Pol\u00edcia Militar (PM), uma guarni\u00e7\u00e3o compareceu ao local ap\u00f3s recebimento de den\u00fancia an\u00f4nima.\u00a0 Ao perceber a aproxima\u00e7\u00e3o dos militares, o menor teria tentado [&hellip;]<\/p>\n","protected":false},"author":96,"featured_media":95836,"comment_status":"closed","ping_status":"closed","sticky":false,"template":"","format":"standard","meta":{"footnotes":""},"categories":[301,439],"tags":[],"class_list":["post-107638","post","type-post","status-publish","format-standard","has-post-thumbnail","hentry","category-artigos-policiais","category-ultima-hora"],"_links":{"self":[{"href":"https:\/\/diarioregionaldigital.com.br\/index.php?rest_route=\/wp\/v2\/posts\/107638","targetHints":{"allow":["GET"]}}],"collection":[{"href":"https:\/\/diarioregionaldigital.com.br\/index.php?rest_route=\/wp\/v2\/posts"}],"about":[{"href":"https:\/\/diarioregionaldigital.com.br\/index.php?rest_route=\/wp\/v2\/types\/post"}],"author":[{"embeddable":true,"href":"https:\/\/diarioregionaldigital.com.br\/index.php?rest_route=\/wp\/v2\/users\/96"}],"replies":[{"embeddable":true,"href":"https:\/\/diarioregionaldigital.com.br\/index.php?rest_route=%2Fwp%2Fv2%2Fcomments&post=107638"}],"version-history":[{"count":0,"href":"https:\/\/diarioregionaldigital.com.br\/index.php?rest_route=\/wp\/v2\/posts\/107638\/revisions"}],"wp:featuredmedia":[{"embeddable":true,"href":"https:\/\/diarioregionaldigital.com.br\/index.php?rest_route=\/wp\/v2\/media\/95836"}],"wp:attachment":[{"href":"https:\/\/diarioregionaldigital.com.br\/index.php?rest_route=%2Fwp%2Fv2%2Fmedia&parent=107638"}],"wp:term":[{"taxonomy":"category","embeddable":true,"href":"https:\/\/diarioregionaldigital.com.br\/index.php?rest_route=%2Fwp%2Fv2%2Fcategories&post=107638"},{"taxonomy":"post_tag","embeddable":true,"href":"https:\/\/diarioregionaldigital.com.br\/index.php?rest_route=%2Fwp%2Fv2%2Ftags&post=107638"}],"curies":[{"name":"wp","href":"https:\/\/api.w.org\/{rel}","templated":true}]}}