{"id":107633,"date":"2018-06-12T07:47:54","date_gmt":"2018-06-12T10:47:54","guid":{"rendered":"http:\/\/diarioregionaljf.com.br\/?p=107633"},"modified":"2018-06-12T07:48:11","modified_gmt":"2018-06-12T10:48:11","slug":"assaltante-armado-rouba-r200-em-floricultura-no-centro","status":"publish","type":"post","link":"https:\/\/diarioregionaldigital.com.br\/?p=107633","title":{"rendered":"Assaltante armado rouba R$200 em floricultura no Centro"},"content":{"rendered":"<p>Um homem armado com um rev\u00f3lver assaltou uma floricultura na Rua Mister Moore, regi\u00e3o central de Juiz de Fora, na noite dessa segunda-feira, 11.<\/p>\n<p>De acordo com o registro de ocorr\u00eancia da Pol\u00edcia Militar (PM), a v\u00edtima, uma mulher de 49 anos, relatou que o homem entrou no estabelecimento e anunciou o assalto, vindo a roubar cerca de R$200 em dinheiro. Em seguida, o autor fugiu sentido \u00e0 Avenida Get\u00falio Vargas.<\/p>\n<p>Ainda segundo a PM, a a\u00e7\u00e3o foi registrada pelas c\u00e2meras de seguran\u00e7a de uma loja de doces que fica pr\u00f3xima \u00e0 floricultura, mas pelas imagens n\u00e3o foi poss\u00edvel identificar o autor de maneira precisa.<\/p>\n<p>Foi feito rastreamento, mas o assaltante n\u00e3o foi localizado. A v\u00edtima foi orientada sobre as demais provid\u00eancias.<\/p>\n","protected":false},"excerpt":{"rendered":"<p>Um homem armado com um rev\u00f3lver assaltou uma floricultura na Rua Mister Moore, regi\u00e3o central de Juiz de Fora, na noite dessa segunda-feira, 11. De acordo com o registro de ocorr\u00eancia da Pol\u00edcia Militar (PM), a v\u00edtima, uma mulher de 49 anos, relatou que o homem entrou no estabelecimento e anunciou o assalto, vindo a [&hellip;]<\/p>\n","protected":false},"author":96,"featured_media":95836,"comment_status":"closed","ping_status":"closed","sticky":false,"template":"","format":"standard","meta":{"footnotes":""},"categories":[301,439],"tags":[],"class_list":["post-107633","post","type-post","status-publish","format-standard","has-post-thumbnail","hentry","category-artigos-policiais","category-ultima-hora"],"_links":{"self":[{"href":"https:\/\/diarioregionaldigital.com.br\/index.php?rest_route=\/wp\/v2\/posts\/107633","targetHints":{"allow":["GET"]}}],"collection":[{"href":"https:\/\/diarioregionaldigital.com.br\/index.php?rest_route=\/wp\/v2\/posts"}],"about":[{"href":"https:\/\/diarioregionaldigital.com.br\/index.php?rest_route=\/wp\/v2\/types\/post"}],"author":[{"embeddable":true,"href":"https:\/\/diarioregionaldigital.com.br\/index.php?rest_route=\/wp\/v2\/users\/96"}],"replies":[{"embeddable":true,"href":"https:\/\/diarioregionaldigital.com.br\/index.php?rest_route=%2Fwp%2Fv2%2Fcomments&post=107633"}],"version-history":[{"count":0,"href":"https:\/\/diarioregionaldigital.com.br\/index.php?rest_route=\/wp\/v2\/posts\/107633\/revisions"}],"wp:featuredmedia":[{"embeddable":true,"href":"https:\/\/diarioregionaldigital.com.br\/index.php?rest_route=\/wp\/v2\/media\/95836"}],"wp:attachment":[{"href":"https:\/\/diarioregionaldigital.com.br\/index.php?rest_route=%2Fwp%2Fv2%2Fmedia&parent=107633"}],"wp:term":[{"taxonomy":"category","embeddable":true,"href":"https:\/\/diarioregionaldigital.com.br\/index.php?rest_route=%2Fwp%2Fv2%2Fcategories&post=107633"},{"taxonomy":"post_tag","embeddable":true,"href":"https:\/\/diarioregionaldigital.com.br\/index.php?rest_route=%2Fwp%2Fv2%2Ftags&post=107633"}],"curies":[{"name":"wp","href":"https:\/\/api.w.org\/{rel}","templated":true}]}}