{"id":107629,"date":"2018-06-12T07:30:51","date_gmt":"2018-06-12T10:30:51","guid":{"rendered":"http:\/\/diarioregionaljf.com.br\/?p=107629"},"modified":"2018-06-12T07:31:15","modified_gmt":"2018-06-12T10:31:15","slug":"guardia-diz-que-economia-ja-se-recuperou-apos-greve-dos-caminhoneiros","status":"publish","type":"post","link":"https:\/\/diarioregionaldigital.com.br\/?p=107629","title":{"rendered":"Guardia diz que economia j\u00e1 se recuperou ap\u00f3s greve dos caminhoneiros"},"content":{"rendered":"<p>O ministro da Fazenda, Eduardo Guardia, admitiu que a greve dos caminhoneiros trouxe preju\u00edzos para o pa\u00eds, mas avaliou que a economia j\u00e1 voltou ao normal e retomou sua trajet\u00f3ria de crescimento. A declara\u00e7\u00e3o foi dada a jornalistas na tarde de ontem, 11, na capital paulista, ap\u00f3s sua participa\u00e7\u00e3o na 5\u00aa Confer\u00eancia Anual do Goldman Sachs no Brasil.<\/p>\n<p>\u201cN\u00e3o h\u00e1 d\u00favidas que a greve teve preju\u00edzos para o pa\u00eds. A greve paralisou o pa\u00eds durante 10 dias, tivemos desabastecimento, afetou diversos setores da economia, inclusive a atividade dos pr\u00f3prios caminhoneiros. O que a gente tem que discutir agora \u00e9 qual o impacto disso, e vi muitos n\u00fameros que me parecem excessivos\u201d, disse. Durante a manh\u00e3, o ministro se reuniu com institui\u00e7\u00f5es financeiras.<\/p>\n<p>No momento da greve, em que houve desabastecimento, os pre\u00e7os subiram refletindo a falta da disponibilidade desses bens, segundo o ministro. \u201cNa medida em que a economia volta a funcionar, os pre\u00e7os voltam \u00e0 normalidade. Do ponto de vista do setor real, evidente que, durante o per\u00edodo que a economia ficou quase que parada, voc\u00ea tem perdas, tem preju\u00edzo a diversos setores, e agora a economia retomou e volta \u00e0 sua trajet\u00f3ria de crescimento\u201d. Para Guardia, o movimento da greve foi pontual.<\/p>\n<p>Questionado sobre a possibilidade de um Produto Interno Bruto (PIB) mais baixo e de uma infla\u00e7\u00e3o mais alta do que a prevista pelo governo, ele disse que as estimativas de crescimento j\u00e1 tinham sido revistas antes mesmo da greve e que havia a perspectiva de que o crescimento n\u00e3o seria t\u00e3o r\u00e1pido. \u201cUm ponto a destacar \u00e9 que a economia est\u00e1 crescendo h\u00e1 cinco trimestres consecutivamente, ent\u00e3o, o que a gente est\u00e1 discutindo agora \u00e9 a taxa de crescimento da economia. Mas a economia est\u00e1 crescendo e retomou a sua trajet\u00f3ria de crescimento. A m\u00e9dia hoje dos analistas econ\u00f4micos \u00e9 de um crescimento em torno de 2%. No in\u00edcio do ano era maior. Mas acho que n\u00e3o podemos perder a perspectiva de que a economia est\u00e1 retomando, sim, o crescimento\u201d, avaliou.<\/p>\n<p>De acordo com o ministro, a previs\u00e3o de crescimento \u00e9 revista a cada dois meses, quando h\u00e1 a divulga\u00e7\u00e3o da programa\u00e7\u00e3o or\u00e7ament\u00e1ria e financeira. \u201cQuando a gente faz a revis\u00e3o, reprojeta receita e despesa para o ano, n\u00f3s sempre sa\u00edmos com uma nova grade de par\u00e2metro. Ent\u00e3o, faremos isso como a gente sempre fez. Esse processo de revis\u00e3o \u00e9 cont\u00ednuo. A cada dois meses, a gente tem uma grade de par\u00e2metros atualizada e, evidentemente, levamos em considera\u00e7\u00e3o as \u00faltimas informa\u00e7\u00f5es dispon\u00edveis\u201d. Sobre as pr\u00f3ximas previs\u00f5es, ele disse que pode ser que sejam valores mais baixos.<\/p>\n<p>&nbsp;<\/p>\n<p>Fonte: Ag\u00eancia Brasil<\/p>\n","protected":false},"excerpt":{"rendered":"<p>O ministro da Fazenda, Eduardo Guardia, admitiu que a greve dos caminhoneiros trouxe preju\u00edzos para o pa\u00eds, mas avaliou que a economia j\u00e1 voltou ao normal e retomou sua trajet\u00f3ria de crescimento. A declara\u00e7\u00e3o foi dada a jornalistas na tarde de ontem, 11, na capital paulista, ap\u00f3s sua participa\u00e7\u00e3o na 5\u00aa Confer\u00eancia Anual do Goldman [&hellip;]<\/p>\n","protected":false},"author":96,"featured_media":107630,"comment_status":"closed","ping_status":"closed","sticky":false,"template":"","format":"standard","meta":{"footnotes":""},"categories":[261,439],"tags":[],"class_list":["post-107629","post","type-post","status-publish","format-standard","has-post-thumbnail","hentry","category-economia","category-ultima-hora"],"_links":{"self":[{"href":"https:\/\/diarioregionaldigital.com.br\/index.php?rest_route=\/wp\/v2\/posts\/107629","targetHints":{"allow":["GET"]}}],"collection":[{"href":"https:\/\/diarioregionaldigital.com.br\/index.php?rest_route=\/wp\/v2\/posts"}],"about":[{"href":"https:\/\/diarioregionaldigital.com.br\/index.php?rest_route=\/wp\/v2\/types\/post"}],"author":[{"embeddable":true,"href":"https:\/\/diarioregionaldigital.com.br\/index.php?rest_route=\/wp\/v2\/users\/96"}],"replies":[{"embeddable":true,"href":"https:\/\/diarioregionaldigital.com.br\/index.php?rest_route=%2Fwp%2Fv2%2Fcomments&post=107629"}],"version-history":[{"count":0,"href":"https:\/\/diarioregionaldigital.com.br\/index.php?rest_route=\/wp\/v2\/posts\/107629\/revisions"}],"wp:featuredmedia":[{"embeddable":true,"href":"https:\/\/diarioregionaldigital.com.br\/index.php?rest_route=\/wp\/v2\/media\/107630"}],"wp:attachment":[{"href":"https:\/\/diarioregionaldigital.com.br\/index.php?rest_route=%2Fwp%2Fv2%2Fmedia&parent=107629"}],"wp:term":[{"taxonomy":"category","embeddable":true,"href":"https:\/\/diarioregionaldigital.com.br\/index.php?rest_route=%2Fwp%2Fv2%2Fcategories&post=107629"},{"taxonomy":"post_tag","embeddable":true,"href":"https:\/\/diarioregionaldigital.com.br\/index.php?rest_route=%2Fwp%2Fv2%2Ftags&post=107629"}],"curies":[{"name":"wp","href":"https:\/\/api.w.org\/{rel}","templated":true}]}}