{"id":107619,"date":"2018-06-11T23:58:47","date_gmt":"2018-06-12T02:58:47","guid":{"rendered":"http:\/\/diarioregionaljf.com.br\/?p=107619"},"modified":"2018-06-11T23:58:47","modified_gmt":"2018-06-12T02:58:47","slug":"bairro-democrata-recebe-academia-ao-ar-livre","status":"publish","type":"post","link":"https:\/\/diarioregionaldigital.com.br\/?p=107619","title":{"rendered":"Bairro Democrata recebe academia ao ar livre"},"content":{"rendered":"<p>Na manh\u00e3 desta segunda-feira, 11, atrav\u00e9s da Secretaria de Esporte e Lazer (SEL), da Prefeitura de Juiz de Fora (PJF), a academia ao ar livre do Bairro Democrata foi oficialmente entregue aos moradores da regi\u00e3o. O prefeito Ant\u00f4nio Almas, o secret\u00e1rio J\u00falio Gasparette (SEL) e outras autoridades estiveram na pra\u00e7a da Rua Rafael Zacarias, conferindo as instala\u00e7\u00f5es. S\u00e3o oito aparelhos que trabalham o fortalecimento muscular e a fun\u00e7\u00e3o cardiorrespirat\u00f3ria, com objetivo de promover sa\u00fade e bem-estar para a popula\u00e7\u00e3o. Seis academias ao ar livre j\u00e1 foram inauguradas na cidade.<\/p>\n<p><strong>\u00a0<\/strong><\/p>\n<p><strong>Fonte: PJF<\/strong><\/p>\n","protected":false},"excerpt":{"rendered":"<p>Na manh\u00e3 desta segunda-feira, 11, atrav\u00e9s da Secretaria de Esporte e Lazer (SEL), da Prefeitura de Juiz de Fora (PJF), a academia ao ar livre do Bairro Democrata foi oficialmente entregue aos moradores da regi\u00e3o. O prefeito Ant\u00f4nio Almas, o secret\u00e1rio J\u00falio Gasparette (SEL) e outras autoridades estiveram na pra\u00e7a da Rua Rafael Zacarias, conferindo [&hellip;]<\/p>\n","protected":false},"author":96,"featured_media":107620,"comment_status":"closed","ping_status":"closed","sticky":false,"template":"","format":"standard","meta":{"footnotes":""},"categories":[257,439],"tags":[],"class_list":["post-107619","post","type-post","status-publish","format-standard","has-post-thumbnail","hentry","category-esporte","category-ultima-hora"],"_links":{"self":[{"href":"https:\/\/diarioregionaldigital.com.br\/index.php?rest_route=\/wp\/v2\/posts\/107619","targetHints":{"allow":["GET"]}}],"collection":[{"href":"https:\/\/diarioregionaldigital.com.br\/index.php?rest_route=\/wp\/v2\/posts"}],"about":[{"href":"https:\/\/diarioregionaldigital.com.br\/index.php?rest_route=\/wp\/v2\/types\/post"}],"author":[{"embeddable":true,"href":"https:\/\/diarioregionaldigital.com.br\/index.php?rest_route=\/wp\/v2\/users\/96"}],"replies":[{"embeddable":true,"href":"https:\/\/diarioregionaldigital.com.br\/index.php?rest_route=%2Fwp%2Fv2%2Fcomments&post=107619"}],"version-history":[{"count":0,"href":"https:\/\/diarioregionaldigital.com.br\/index.php?rest_route=\/wp\/v2\/posts\/107619\/revisions"}],"wp:featuredmedia":[{"embeddable":true,"href":"https:\/\/diarioregionaldigital.com.br\/index.php?rest_route=\/wp\/v2\/media\/107620"}],"wp:attachment":[{"href":"https:\/\/diarioregionaldigital.com.br\/index.php?rest_route=%2Fwp%2Fv2%2Fmedia&parent=107619"}],"wp:term":[{"taxonomy":"category","embeddable":true,"href":"https:\/\/diarioregionaldigital.com.br\/index.php?rest_route=%2Fwp%2Fv2%2Fcategories&post=107619"},{"taxonomy":"post_tag","embeddable":true,"href":"https:\/\/diarioregionaldigital.com.br\/index.php?rest_route=%2Fwp%2Fv2%2Ftags&post=107619"}],"curies":[{"name":"wp","href":"https:\/\/api.w.org\/{rel}","templated":true}]}}