{"id":107616,"date":"2018-06-11T23:53:53","date_gmt":"2018-06-12T02:53:53","guid":{"rendered":"http:\/\/diarioregionaljf.com.br\/?p=107616"},"modified":"2018-06-11T23:53:53","modified_gmt":"2018-06-12T02:53:53","slug":"3a-corrida-mexa-se-pela-vida-leva-centenas-de-atletas-ao-parque-da-lajinha","status":"publish","type":"post","link":"https:\/\/diarioregionaldigital.com.br\/?p=107616","title":{"rendered":"3\u00aa Corrida \u201cMexa-se Pela Vida\u201d leva centenas de atletas ao Parque da Lajinha"},"content":{"rendered":"<p>Do Parque da Lajinha, na manh\u00e3 do domingo, 10, cerca de 600 pessoas largaram para a quinta etapa do 32\u00ba Ranking de Corridas de Rua de Juiz de Fora. A 3\u00aa Corrida \u201cMexa-se Pela Vida\u201d, organizada pela Secretaria de Esporte e Lazer (SEL), da Prefeitura de Juiz de Fora (PJF), em parceria com o Col\u00e9gio Adventista, saiu do parque, subiu o Bairro Aeroporto, passou pelo Est\u00e1dio Municipal \u201cRadialista M\u00e1rio Hel\u00eanio\u201d e retornou ao mesmo lugar da partida.<\/p>\n<p>Albertino Luz (Imperadores\/Centro Regional de Inicia\u00e7\u00e3o ao Atletismo &#8211; Cria, da Universidade federal de Juiz de Fora &#8211; UFJF), ficou no lugar mais alto do p\u00f3dio masculino. Entre as mulheres, Aline Barbosa (Faculdade Granbery\/Educa\u00e7\u00e3o F\u00edsica) fez o melhor tempo. Imperadores\/Cria UFJF foi a equipe masculina melhor colocada, enquanto Gemachon Tech\/Tate Lyle, foi a feminina com maior pontua\u00e7\u00e3o. Entre as pessoas com defici\u00eancia (PCDs), JF Paral\u00edmpico (SEL) foi vencedora no masculino e feminino.<\/p>\n<p>Completaram o p\u00f3dio masculino, do segundo ao quinto lugar, Jocemar Fernandes (Vis\u00e3o de \u00c1guia), Matheus Batista, Adan Matos e Pedro Henrique de Oliveira (Imperadores\/Cria UFJF). No feminino, Claudete Nunes (Profit Running), Ivaniz Ribeiro (Imperadores\/Cria UFJF), Talita Antunes (Vidativa) e Noemi Alves (Imperadores\/Cria UFJF) tamb\u00e9m subiram ao p\u00f3dio. Cerca de 150 crian\u00e7as e adolescentes, de quatro a 15 anos, entraram no ritmo de corrida, sendo a maioria participantes de projetos socioesportivos de Juiz de Fora e regi\u00e3o.<br \/>\n<strong>Equipes do JF Paral\u00edmpico s\u00e3o destaques na 3\u00aa Corrida \u201cMexa-se Pela Vida\u201d<\/strong><\/p>\n<p>&nbsp;<\/p>\n<p>A manh\u00e3 do domingo, 10, foi de festa para os integrantes do Programa \u201cJF Paral\u00edmpico\u201d, da Secretaria de Esporte e Lazer (SEL), da Prefeitura de Juiz de Fora (PJF). Tanto a masculina quanto a feminina ganharam o primeiro lugar entre as equipes formadas por pessoas com defici\u00eancia, na 3\u00aa Corrida \u201cMexa-se Pela Vida\u201d. A prova correspondeu \u00e0 quinta etapa do \u201cRanking de Corridas de Rua de Juiz de Fora\u201d. O \u201cJF Paral\u00edmpico\u201d oferece modalidades esportivas para pessoas com defici\u00eancia, tais como atletismo, goalball, nata\u00e7\u00e3o, bocha, polybat e futebol. O programa \u00e9 gratuito. As inscri\u00e7\u00f5es podem ser feitas ao longo do ano na sede da SEL, na Avenida Rui Barbosa, 530, Bairro Santa Terezinha.<\/p>\n<p><strong>\u00a0<\/strong><\/p>\n<p><strong>Fonte: Assessoria\/PJF<\/strong><\/p>\n","protected":false},"excerpt":{"rendered":"<p>Do Parque da Lajinha, na manh\u00e3 do domingo, 10, cerca de 600 pessoas largaram para a quinta etapa do 32\u00ba Ranking de Corridas de Rua de Juiz de Fora. A 3\u00aa Corrida \u201cMexa-se Pela Vida\u201d, organizada pela Secretaria de Esporte e Lazer (SEL), da Prefeitura de Juiz de Fora (PJF), em parceria com o Col\u00e9gio [&hellip;]<\/p>\n","protected":false},"author":96,"featured_media":107617,"comment_status":"closed","ping_status":"closed","sticky":false,"template":"","format":"standard","meta":{"footnotes":""},"categories":[257,439],"tags":[],"class_list":["post-107616","post","type-post","status-publish","format-standard","has-post-thumbnail","hentry","category-esporte","category-ultima-hora"],"_links":{"self":[{"href":"https:\/\/diarioregionaldigital.com.br\/index.php?rest_route=\/wp\/v2\/posts\/107616","targetHints":{"allow":["GET"]}}],"collection":[{"href":"https:\/\/diarioregionaldigital.com.br\/index.php?rest_route=\/wp\/v2\/posts"}],"about":[{"href":"https:\/\/diarioregionaldigital.com.br\/index.php?rest_route=\/wp\/v2\/types\/post"}],"author":[{"embeddable":true,"href":"https:\/\/diarioregionaldigital.com.br\/index.php?rest_route=\/wp\/v2\/users\/96"}],"replies":[{"embeddable":true,"href":"https:\/\/diarioregionaldigital.com.br\/index.php?rest_route=%2Fwp%2Fv2%2Fcomments&post=107616"}],"version-history":[{"count":0,"href":"https:\/\/diarioregionaldigital.com.br\/index.php?rest_route=\/wp\/v2\/posts\/107616\/revisions"}],"wp:featuredmedia":[{"embeddable":true,"href":"https:\/\/diarioregionaldigital.com.br\/index.php?rest_route=\/wp\/v2\/media\/107617"}],"wp:attachment":[{"href":"https:\/\/diarioregionaldigital.com.br\/index.php?rest_route=%2Fwp%2Fv2%2Fmedia&parent=107616"}],"wp:term":[{"taxonomy":"category","embeddable":true,"href":"https:\/\/diarioregionaldigital.com.br\/index.php?rest_route=%2Fwp%2Fv2%2Fcategories&post=107616"},{"taxonomy":"post_tag","embeddable":true,"href":"https:\/\/diarioregionaldigital.com.br\/index.php?rest_route=%2Fwp%2Fv2%2Ftags&post=107616"}],"curies":[{"name":"wp","href":"https:\/\/api.w.org\/{rel}","templated":true}]}}