{"id":107598,"date":"2018-06-12T06:00:57","date_gmt":"2018-06-12T09:00:57","guid":{"rendered":"http:\/\/diarioregionaljf.com.br\/?p=107598"},"modified":"2018-06-11T19:53:28","modified_gmt":"2018-06-11T22:53:28","slug":"chuva-volta-a-juiz-de-fora-e-dias-permanecem-com-temperaturas-baixas","status":"publish","type":"post","link":"https:\/\/diarioregionaldigital.com.br\/?p=107598","title":{"rendered":"Chuva volta a Juiz de Fora e dias permanecem com temperaturas baixas"},"content":{"rendered":"<p>As temperaturas devem ficar baixas e o tempo nublado a parcialmente nublado na Zona da Mata nesta semana. \u201cNesta ter\u00e7a-feira, 12, o tempo permanecer mais nublado, com nevoeiro pela manh\u00e3. A temperatura m\u00ednima ser\u00e1 de 12\u00b0C pela manh\u00e3 e a m\u00e1xima prevista \u00e9 de 30\u00b0C na regi\u00e3o\u201d, informou o meteorologista do Instituto Nacional de Meteorologia (Inmet), Claudemir de Azevedo.<\/p>\n<div id=\"attachment_107601\" style=\"width: 3466px\" class=\"wp-caption alignnone\"><img loading=\"lazy\" decoding=\"async\" aria-describedby=\"caption-attachment-107601\" class=\"size-full wp-image-107601\" src=\"http:\/\/diarioregionaljf.com.br\/wp-content\/uploads\/2018\/06\/previsao.jpg\" alt=\"\" width=\"3456\" height=\"2304\" srcset=\"https:\/\/diarioregionaldigital.com.br\/wp-content\/uploads\/2018\/06\/previsao.jpg 3456w, https:\/\/diarioregionaldigital.com.br\/wp-content\/uploads\/2018\/06\/previsao-300x200.jpg 300w, https:\/\/diarioregionaldigital.com.br\/wp-content\/uploads\/2018\/06\/previsao-768x512.jpg 768w, https:\/\/diarioregionaldigital.com.br\/wp-content\/uploads\/2018\/06\/previsao-1024x683.jpg 1024w, https:\/\/diarioregionaldigital.com.br\/wp-content\/uploads\/2018\/06\/previsao-360x240.jpg 360w\" sizes=\"auto, (max-width: 3456px) 100vw, 3456px\" \/><p id=\"caption-attachment-107601\" class=\"wp-caption-text\">Term\u00f4metros devem oscilar com temperaturas de no m\u00e1ximo 29\u00b0C. Foto: Rafaela Frutuoso<\/p><\/div>\n<p>Esta ter\u00e7a, o dia em Juiz de Fora deve ser de sol com algumas nuvens.\u00a0 A quarta-feira, 13, sol com algumas nuvens e sem possibilidade de chuva. \u201cA mudan\u00e7a ocorre na quinta-feira, 14, quando h\u00e1 possibilidade de chuva na regi\u00e3o\u201d, alertou o especialista. \u201cA umidade deve aumentar devido a uma circula\u00e7\u00e3o mar\u00edtima, o que por consequ\u00eancia causar\u00e1 chuva na regi\u00e3o\u201d, esclareceu.\u00a0 A previs\u00e3o para quinta-feira \u00e9 de sol com muitas nuvens durante o dia e per\u00edodos nublados, com chuva a qualquer hora em Juiz de Fora. J\u00e1 para sexta-feira, 15, a previs\u00e3o \u00e9 chuva durante o dia e a noite.<\/p>\n<p>A chuva deve perder for\u00e7a no final de semana. A previs\u00e3o para o pr\u00f3ximo s\u00e1bado, 16, e domingo, 17, \u00e9 de tempo nublado com aberturas de sol \u00e0 tarde e pode garoar de manh\u00e3 e \u00e0 noite.<\/p>\n<p style=\"text-align: center;\"><strong>CONFIRA A TEMPERATURA M\u00cdNIMA E M\u00c1XIMA EM JF:<\/strong><\/p>\n<table>\n<tbody>\n<tr>\n<td style=\"text-align: center;\" width=\"192\"><strong>Dia<\/strong><\/td>\n<td style=\"text-align: center;\" width=\"192\"><strong>M\u00ednima<\/strong><\/td>\n<td style=\"text-align: center;\" width=\"192\"><strong>M\u00e1xima<\/strong><\/td>\n<\/tr>\n<tr>\n<td style=\"text-align: center;\" width=\"192\">Ter\u00e7a-feira (12\/06)<\/td>\n<td style=\"text-align: center;\" width=\"192\">16\u00baC<\/td>\n<td style=\"text-align: center;\" width=\"192\">28\u00baC<\/td>\n<\/tr>\n<tr>\n<td style=\"text-align: center;\" width=\"192\">Quarta-feira (13\/06)<\/td>\n<td style=\"text-align: center;\" width=\"192\">18\u00baC<\/td>\n<td style=\"text-align: center;\" width=\"192\">29\u00baC<\/td>\n<\/tr>\n<tr>\n<td style=\"text-align: center;\" width=\"192\">Quinta-feira (14\/06)<\/td>\n<td style=\"text-align: center;\" width=\"192\">18\u00baC<\/td>\n<td style=\"text-align: center;\" width=\"192\">24\u00baC<\/td>\n<\/tr>\n<tr>\n<td style=\"text-align: center;\" width=\"192\">Sexta-feira (15\/06)<\/td>\n<td style=\"text-align: center;\" width=\"192\">16\u00baC<\/td>\n<td style=\"text-align: center;\" width=\"192\">21\u00baC<\/td>\n<\/tr>\n<tr>\n<td style=\"text-align: center;\" width=\"192\">S\u00e1bado (16\/06)<\/td>\n<td style=\"text-align: center;\" width=\"192\">15\u00baC<\/td>\n<td style=\"text-align: center;\" width=\"192\">21\u00baC<\/td>\n<\/tr>\n<tr>\n<td style=\"text-align: center;\" width=\"192\">Domingo (17\/06)<\/td>\n<td style=\"text-align: center;\" width=\"192\">15\u00baC<\/td>\n<td style=\"text-align: center;\" width=\"192\">20\u00baC<\/td>\n<\/tr>\n<\/tbody>\n<\/table>\n","protected":false},"excerpt":{"rendered":"<p>As temperaturas devem ficar baixas e o tempo nublado a parcialmente nublado na Zona da Mata nesta semana. \u201cNesta ter\u00e7a-feira, 12, o tempo permanecer mais nublado, com nevoeiro pela manh\u00e3. A temperatura m\u00ednima ser\u00e1 de 12\u00b0C pela manh\u00e3 e a m\u00e1xima prevista \u00e9 de 30\u00b0C na regi\u00e3o\u201d, informou o meteorologista do Instituto Nacional de Meteorologia [&hellip;]<\/p>\n","protected":false},"author":96,"featured_media":107600,"comment_status":"closed","ping_status":"closed","sticky":false,"template":"","format":"standard","meta":{"footnotes":""},"categories":[253,440,439],"tags":[],"class_list":["post-107598","post","type-post","status-publish","format-standard","has-post-thumbnail","hentry","category-cidade","category-destaques-do-dia","category-ultima-hora"],"_links":{"self":[{"href":"https:\/\/diarioregionaldigital.com.br\/index.php?rest_route=\/wp\/v2\/posts\/107598","targetHints":{"allow":["GET"]}}],"collection":[{"href":"https:\/\/diarioregionaldigital.com.br\/index.php?rest_route=\/wp\/v2\/posts"}],"about":[{"href":"https:\/\/diarioregionaldigital.com.br\/index.php?rest_route=\/wp\/v2\/types\/post"}],"author":[{"embeddable":true,"href":"https:\/\/diarioregionaldigital.com.br\/index.php?rest_route=\/wp\/v2\/users\/96"}],"replies":[{"embeddable":true,"href":"https:\/\/diarioregionaldigital.com.br\/index.php?rest_route=%2Fwp%2Fv2%2Fcomments&post=107598"}],"version-history":[{"count":0,"href":"https:\/\/diarioregionaldigital.com.br\/index.php?rest_route=\/wp\/v2\/posts\/107598\/revisions"}],"wp:featuredmedia":[{"embeddable":true,"href":"https:\/\/diarioregionaldigital.com.br\/index.php?rest_route=\/wp\/v2\/media\/107600"}],"wp:attachment":[{"href":"https:\/\/diarioregionaldigital.com.br\/index.php?rest_route=%2Fwp%2Fv2%2Fmedia&parent=107598"}],"wp:term":[{"taxonomy":"category","embeddable":true,"href":"https:\/\/diarioregionaldigital.com.br\/index.php?rest_route=%2Fwp%2Fv2%2Fcategories&post=107598"},{"taxonomy":"post_tag","embeddable":true,"href":"https:\/\/diarioregionaldigital.com.br\/index.php?rest_route=%2Fwp%2Fv2%2Ftags&post=107598"}],"curies":[{"name":"wp","href":"https:\/\/api.w.org\/{rel}","templated":true}]}}