{"id":107586,"date":"2018-06-12T06:00:45","date_gmt":"2018-06-12T09:00:45","guid":{"rendered":"http:\/\/diarioregionaljf.com.br\/?p=107586"},"modified":"2018-08-13T20:27:11","modified_gmt":"2018-08-13T23:27:11","slug":"prefeitura-municipal-de-tocantins-12-06-18","status":"publish","type":"post","link":"https:\/\/diarioregionaldigital.com.br\/?p=107586","title":{"rendered":"Prefeitura Municipal de Tocantins 12\/06\/18"},"content":{"rendered":"<p style=\"text-align: center;\"><strong>PREFEITURA MUNICIPAL DE TOCANTINS<\/strong><\/p>\n<p style=\"text-align: center;\"><strong>AVISO DE LICITA\u00c7\u00c3O N\u00ba 057\/2018<\/strong><\/p>\n<p style=\"text-align: center;\"><strong>Modalidade de Tomada de Pre\u00e7o n\u00b0 005\/2018<\/strong><\/p>\n<p style=\"text-align: center;\">O Munic\u00edpio de TOCANTINS, na forma da lei, faz saber a todos os interessados que far\u00e1 licita\u00e7\u00e3o na modalidade de tomada de pre\u00e7o\u00a0para contrata\u00e7\u00e3o de empresa especializada para execu\u00e7\u00e3o de cal\u00e7amento em bloquete, execu\u00e7\u00e3o de sarjeta e meio-fio, na Rua Alferes Joaquim da Rocha, Tocantins\/MG, cuja \u00e1rea de cal\u00e7amento em bloquete mais a sarjeta ser\u00e1 de 1.540,00m\u00b2, de acordo com o projeto e edital, tipo menor pre\u00e7o, no dia 29\/06\/2018 as 09:00 horas na sala da comiss\u00e3o de licita\u00e7\u00e3o, localizada na Av. Padre Mac\u00e1rio, n\u00b0 129, bairro Centro, munic\u00edpio de TOCANTINS. O edital e seus anexos, encontram-se a disposi\u00e7\u00e3o dos interessados no endere\u00e7o citado anteriormente, no hor\u00e1rio de expediente de 08:00 \u00e0s 11:00 e de 13:00 \u00e0s 16:00 hrs. TOCANTINS\/MG, 11 de junho de 2018.<\/p>\n","protected":false},"excerpt":{"rendered":"<p>PREFEITURA MUNICIPAL DE TOCANTINS AVISO DE LICITA\u00c7\u00c3O N\u00ba 057\/2018 Modalidade de Tomada de Pre\u00e7o n\u00b0 005\/2018 O Munic\u00edpio de TOCANTINS, na forma da lei, faz saber a todos os interessados que far\u00e1 licita\u00e7\u00e3o na modalidade de tomada de pre\u00e7o\u00a0para contrata\u00e7\u00e3o de empresa especializada para execu\u00e7\u00e3o de cal\u00e7amento em bloquete, execu\u00e7\u00e3o de sarjeta e meio-fio, na [&hellip;]<\/p>\n","protected":false},"author":96,"featured_media":0,"comment_status":"closed","ping_status":"closed","sticky":false,"template":"","format":"standard","meta":{"footnotes":""},"categories":[307],"tags":[],"class_list":["post-107586","post","type-post","status-publish","format-standard","hentry","category-editais"],"_links":{"self":[{"href":"https:\/\/diarioregionaldigital.com.br\/index.php?rest_route=\/wp\/v2\/posts\/107586","targetHints":{"allow":["GET"]}}],"collection":[{"href":"https:\/\/diarioregionaldigital.com.br\/index.php?rest_route=\/wp\/v2\/posts"}],"about":[{"href":"https:\/\/diarioregionaldigital.com.br\/index.php?rest_route=\/wp\/v2\/types\/post"}],"author":[{"embeddable":true,"href":"https:\/\/diarioregionaldigital.com.br\/index.php?rest_route=\/wp\/v2\/users\/96"}],"replies":[{"embeddable":true,"href":"https:\/\/diarioregionaldigital.com.br\/index.php?rest_route=%2Fwp%2Fv2%2Fcomments&post=107586"}],"version-history":[{"count":0,"href":"https:\/\/diarioregionaldigital.com.br\/index.php?rest_route=\/wp\/v2\/posts\/107586\/revisions"}],"wp:attachment":[{"href":"https:\/\/diarioregionaldigital.com.br\/index.php?rest_route=%2Fwp%2Fv2%2Fmedia&parent=107586"}],"wp:term":[{"taxonomy":"category","embeddable":true,"href":"https:\/\/diarioregionaldigital.com.br\/index.php?rest_route=%2Fwp%2Fv2%2Fcategories&post=107586"},{"taxonomy":"post_tag","embeddable":true,"href":"https:\/\/diarioregionaldigital.com.br\/index.php?rest_route=%2Fwp%2Fv2%2Ftags&post=107586"}],"curies":[{"name":"wp","href":"https:\/\/api.w.org\/{rel}","templated":true}]}}