{"id":107578,"date":"2018-06-11T18:56:01","date_gmt":"2018-06-11T21:56:01","guid":{"rendered":"http:\/\/diarioregionaljf.com.br\/?p=107578"},"modified":"2018-06-11T18:56:01","modified_gmt":"2018-06-11T21:56:01","slug":"ubs-do-bairro-de-lourdes-ficara-fechada-para-pintura","status":"publish","type":"post","link":"https:\/\/diarioregionaldigital.com.br\/?p=107578","title":{"rendered":"UBS do Bairro de Lourdes ficar\u00e1 fechada para pintura"},"content":{"rendered":"<p>A Unidade B\u00e1sica de Sa\u00fade (UBS) do Bairro de Lourdes ser\u00e1 fechada nesta ter\u00e7a-feira, 12, para servi\u00e7os de pintura do pr\u00e9dio, e retornar\u00e1 suas atividades na segunda-feira, 18. Todos os atendimentos que seriam feitos nestes dias ser\u00e3o reagendados. Os usu\u00e1rios que necessitarem de atendimento poder\u00e3o se dirigir \u00e0 Regional Leste, unidade de urg\u00eancia e emerg\u00eancia mais pr\u00f3xima. Todas as modifica\u00e7\u00f5es nos atendimentos foram feitas com a ci\u00eancia do conselho local de sa\u00fade.<\/p>\n<p>&nbsp;<\/p>\n<p>Fonte: Assessoria<\/p>\n","protected":false},"excerpt":{"rendered":"<p>A Unidade B\u00e1sica de Sa\u00fade (UBS) do Bairro de Lourdes ser\u00e1 fechada nesta ter\u00e7a-feira, 12, para servi\u00e7os de pintura do pr\u00e9dio, e retornar\u00e1 suas atividades na segunda-feira, 18. Todos os atendimentos que seriam feitos nestes dias ser\u00e3o reagendados. Os usu\u00e1rios que necessitarem de atendimento poder\u00e3o se dirigir \u00e0 Regional Leste, unidade de urg\u00eancia e emerg\u00eancia [&hellip;]<\/p>\n","protected":false},"author":96,"featured_media":105098,"comment_status":"closed","ping_status":"closed","sticky":false,"template":"","format":"standard","meta":{"footnotes":""},"categories":[253,439],"tags":[],"class_list":["post-107578","post","type-post","status-publish","format-standard","has-post-thumbnail","hentry","category-cidade","category-ultima-hora"],"_links":{"self":[{"href":"https:\/\/diarioregionaldigital.com.br\/index.php?rest_route=\/wp\/v2\/posts\/107578","targetHints":{"allow":["GET"]}}],"collection":[{"href":"https:\/\/diarioregionaldigital.com.br\/index.php?rest_route=\/wp\/v2\/posts"}],"about":[{"href":"https:\/\/diarioregionaldigital.com.br\/index.php?rest_route=\/wp\/v2\/types\/post"}],"author":[{"embeddable":true,"href":"https:\/\/diarioregionaldigital.com.br\/index.php?rest_route=\/wp\/v2\/users\/96"}],"replies":[{"embeddable":true,"href":"https:\/\/diarioregionaldigital.com.br\/index.php?rest_route=%2Fwp%2Fv2%2Fcomments&post=107578"}],"version-history":[{"count":0,"href":"https:\/\/diarioregionaldigital.com.br\/index.php?rest_route=\/wp\/v2\/posts\/107578\/revisions"}],"wp:featuredmedia":[{"embeddable":true,"href":"https:\/\/diarioregionaldigital.com.br\/index.php?rest_route=\/wp\/v2\/media\/105098"}],"wp:attachment":[{"href":"https:\/\/diarioregionaldigital.com.br\/index.php?rest_route=%2Fwp%2Fv2%2Fmedia&parent=107578"}],"wp:term":[{"taxonomy":"category","embeddable":true,"href":"https:\/\/diarioregionaldigital.com.br\/index.php?rest_route=%2Fwp%2Fv2%2Fcategories&post=107578"},{"taxonomy":"post_tag","embeddable":true,"href":"https:\/\/diarioregionaldigital.com.br\/index.php?rest_route=%2Fwp%2Fv2%2Ftags&post=107578"}],"curies":[{"name":"wp","href":"https:\/\/api.w.org\/{rel}","templated":true}]}}