{"id":107574,"date":"2018-06-11T18:52:35","date_gmt":"2018-06-11T21:52:35","guid":{"rendered":"http:\/\/diarioregionaljf.com.br\/?p=107574"},"modified":"2018-06-11T18:52:35","modified_gmt":"2018-06-11T21:52:35","slug":"temer-sanciona-lei-que-cria-sistema-unico-de-seguranca","status":"publish","type":"post","link":"https:\/\/diarioregionaldigital.com.br\/?p=107574","title":{"rendered":"Temer sanciona lei que cria Sistema \u00danico de Seguran\u00e7a"},"content":{"rendered":"<p>O presidente Michel Temer sancionou\u00a0nessa segunda-feira, 11, projeto que cria o Sistema \u00danico de Seguran\u00e7a P\u00fablica (Susp). O objetivo \u00e9 integrar os \u00f3rg\u00e3os de seguran\u00e7a p\u00fablica, como as pol\u00edcias federal e estaduais, as secretarias de seguran\u00e7a e as guardas municipais. Ser\u00e3o repassados recursos da Uni\u00e3o aos demais entes federativos, mediante contrapartidas, como metas de redu\u00e7\u00e3o da criminalidade e produ\u00e7\u00e3o de base de dados<\/p>\n<p>\u201cHoje\u00a0damos um passo important\u00edssimo para dar mais tranquilidade ao brasileiro. Queremos fazer essa integra\u00e7\u00e3o da seguran\u00e7a p\u00fablica entre todos os estados brasileiros a partir de uma coordena\u00e7\u00e3o que s\u00f3 pode residir no Estado federal\u201d, disse Temer. Os recursos para o sistema sair\u00e3o da arrecada\u00e7\u00e3o das loterias. Para este ano, ser\u00e3o R$800 milh\u00f5es apenas desta fonte. A estimativa do governo \u00e9 que, em 2022, os recursos vindos de loterias cheguem a R$4,3 bilh\u00f5es.<\/p>\n<p>Na solenidade que marcou a san\u00e7\u00e3o do Susp, o ministro da Seguran\u00e7a P\u00fablica, Raul Jungmann, afirmou que \u00e9 a primeira vez que o Estado \u201cd\u00e1 rumo \u00e0 seguran\u00e7a p\u00fablica\u201d no pa\u00eds. Ele destacou a assinatura de contratos de gest\u00e3o com os estados, que obrigar\u00e1 o cumprimento das metas como a redu\u00e7\u00e3o dos \u00edndices de homic\u00eddio\u00a0e a melhoria na\u00a0forma\u00e7\u00e3o de policiais.<\/p>\n<p>\u201c[Estamos] criando um federalismo compartilhado, que diz que todo mundo vai\u00a0ter\u00a0que trabalhar junto para enfrentar o PCC, o Comando Vermelho, a Fam\u00edlia do Norte, o Sindicato do Crime [dentre outras fac\u00e7\u00f5es criminosas]\u201d, disse o ministro.<\/p>\n<p><strong>Vetos<\/strong><\/p>\n<p>O presidente vetou alguns pontos do projeto de Lei que saiu do Senado em\u00a016 de maio. Um deles pretendia incluir no sistema as medidas socioeducativas, destinada a menores em conflito com a lei. Segundo Jungmann, os socioeducandos ser\u00e3o de responsabilidade da pasta de Direitos Humanos. Outro ponto equipararia agentes penitenci\u00e1rios aos policiais. O terceiro veto sugeria a equipara\u00e7\u00e3o entre avia\u00e7\u00e3o policial e avi\u00e3o das For\u00e7as Armadas.<\/p>\n<p><strong>O Susp<\/strong><\/p>\n<p>De autoria do Executivo, a proposta estabelece princ\u00edpios e diretrizes dos \u00f3rg\u00e3os de seguran\u00e7a e prev\u00ea prote\u00e7\u00e3o aos direitos humanos e fundamentais; promo\u00e7\u00e3o da cidadania e da dignidade do cidad\u00e3o; resolu\u00e7\u00e3o pac\u00edfica de conflitos; uso proporcional da for\u00e7a; efici\u00eancia na preven\u00e7\u00e3o e repress\u00e3o das infra\u00e7\u00f5es penais; efici\u00eancia nas a\u00e7\u00f5es de preven\u00e7\u00e3o e redu\u00e7\u00e3o de desastres e participa\u00e7\u00e3o comunit\u00e1ria.<\/p>\n<p>Entre as principais linhas de a\u00e7\u00e3o do sistema est\u00e3o a unifica\u00e7\u00e3o dos conte\u00fados dos cursos de forma\u00e7\u00e3o e aperfei\u00e7oamento de policiais, a integra\u00e7\u00e3o dos \u00f3rg\u00e3os e institui\u00e7\u00f5es de seguran\u00e7a p\u00fablica, al\u00e9m do uso de m\u00e9todos e processos cient\u00edficos em investiga\u00e7\u00f5es.<\/p>\n<p>Entre as mudan\u00e7as de procedimento, o texto estabelece a cria\u00e7\u00e3o de uma unidade de registro de ocorr\u00eancia policial, al\u00e9m de procedimentos de apura\u00e7\u00e3o e o uso de sistema integrado de informa\u00e7\u00f5es e dados eletr\u00f4nicos. O projeto diz ainda que o Minist\u00e9rio da Seguran\u00e7a P\u00fablica fixar\u00e1, anualmente, metas de desempenho e usar\u00e1 indicadores para avaliar os resultados das opera\u00e7\u00f5es.<\/p>\n<p>&nbsp;<\/p>\n<p>Fonte: Ag\u00eancia Brasil<\/p>\n","protected":false},"excerpt":{"rendered":"<p>O presidente Michel Temer sancionou\u00a0nessa segunda-feira, 11, projeto que cria o Sistema \u00danico de Seguran\u00e7a P\u00fablica (Susp). O objetivo \u00e9 integrar os \u00f3rg\u00e3os de seguran\u00e7a p\u00fablica, como as pol\u00edcias federal e estaduais, as secretarias de seguran\u00e7a e as guardas municipais. Ser\u00e3o repassados recursos da Uni\u00e3o aos demais entes federativos, mediante contrapartidas, como metas de redu\u00e7\u00e3o [&hellip;]<\/p>\n","protected":false},"author":96,"featured_media":107575,"comment_status":"closed","ping_status":"closed","sticky":false,"template":"","format":"standard","meta":{"footnotes":""},"categories":[440,254,439],"tags":[],"class_list":["post-107574","post","type-post","status-publish","format-standard","has-post-thumbnail","hentry","category-destaques-do-dia","category-politica","category-ultima-hora"],"_links":{"self":[{"href":"https:\/\/diarioregionaldigital.com.br\/index.php?rest_route=\/wp\/v2\/posts\/107574","targetHints":{"allow":["GET"]}}],"collection":[{"href":"https:\/\/diarioregionaldigital.com.br\/index.php?rest_route=\/wp\/v2\/posts"}],"about":[{"href":"https:\/\/diarioregionaldigital.com.br\/index.php?rest_route=\/wp\/v2\/types\/post"}],"author":[{"embeddable":true,"href":"https:\/\/diarioregionaldigital.com.br\/index.php?rest_route=\/wp\/v2\/users\/96"}],"replies":[{"embeddable":true,"href":"https:\/\/diarioregionaldigital.com.br\/index.php?rest_route=%2Fwp%2Fv2%2Fcomments&post=107574"}],"version-history":[{"count":0,"href":"https:\/\/diarioregionaldigital.com.br\/index.php?rest_route=\/wp\/v2\/posts\/107574\/revisions"}],"wp:featuredmedia":[{"embeddable":true,"href":"https:\/\/diarioregionaldigital.com.br\/index.php?rest_route=\/wp\/v2\/media\/107575"}],"wp:attachment":[{"href":"https:\/\/diarioregionaldigital.com.br\/index.php?rest_route=%2Fwp%2Fv2%2Fmedia&parent=107574"}],"wp:term":[{"taxonomy":"category","embeddable":true,"href":"https:\/\/diarioregionaldigital.com.br\/index.php?rest_route=%2Fwp%2Fv2%2Fcategories&post=107574"},{"taxonomy":"post_tag","embeddable":true,"href":"https:\/\/diarioregionaldigital.com.br\/index.php?rest_route=%2Fwp%2Fv2%2Ftags&post=107574"}],"curies":[{"name":"wp","href":"https:\/\/api.w.org\/{rel}","templated":true}]}}