{"id":107573,"date":"2018-06-12T06:00:59","date_gmt":"2018-06-12T09:00:59","guid":{"rendered":"http:\/\/diarioregionaljf.com.br\/?p=107573"},"modified":"2018-06-11T18:52:49","modified_gmt":"2018-06-11T21:52:49","slug":"tudo-de-bom","status":"publish","type":"post","link":"https:\/\/diarioregionaldigital.com.br\/?p=107573","title":{"rendered":"Tudo de Bom"},"content":{"rendered":"<p style=\"text-align: center;\"><strong>Cultura<\/strong><\/p>\n<p style=\"text-align: center;\">A Galeria de Arte do Forum da Cultura recebe a exposi\u00e7\u00e3o \u201cMenos \u00e9 mais\u201d da artista D\u00e9bora de Paula, composta por esculturas usando a t\u00e9cnica de papel mach\u00ea e quadros com pigmentos naturais real\u00e7ando anjos, \u00edndios, arlequins e colombinas. As visita\u00e7\u00f5es at\u00e9 o dia 15 de junho.<\/p>\n<p style=\"text-align: center;\"><strong>Beleza<\/strong><\/p>\n<p style=\"text-align: center;\">Para o Miss Bari\u00e1trica que vai acontecer esse m\u00eas em Guaruj\u00e1, a representante de Juiz de Fora ser\u00e1 a empres\u00e1ria Master Coach com \u00eanfase no Empoderamento Feminino, Gilmara Delgado Rocha. A primeira fase do concurso \u00e9 realizada atrav\u00e9s de uma vota\u00e7\u00e3o pelo site e as finalistas ir\u00e3o para S\u00e3o Paulo participar de um desfile a fim de eleger a nova Miss.<\/p>\n<p style=\"text-align: center;\"><strong>Tudo de Bom<\/strong><\/p>\n<p style=\"text-align: center;\">Para celebrar a chegada do inverno, a esta\u00e7\u00e3o mais rom\u00e2ntica do ano, o Oliva Bistr\u00f4 idealizou o 1\u00ba Encontro Enogastron\u00f4mico de Ibitipoca, com um convite de desvendar \u201cOs Segredos dos Vinhos e suas Harmoniza\u00e7\u00f5es\u201d. O evento ser\u00e1 realizado no dia 23 de junho, na Pousada Pasto e Lambar\u00ed, em Concei\u00e7\u00e3o do Ibitipoca (MG), e marcar\u00e1 ainda a abertura do 19\u00ba Ibitipoca Jazz Festival. Os risotos, massas harmonizados com vinhos ter\u00e3o a assinatura dos \u2018chefs\u2019 Ana Paula Esteves (Oliva Bistr\u00f4) e Beto Zaiden (Pasta Brasile).<\/p>\n<p style=\"text-align: center;\"><strong>Voc\u00ea Sabia?<\/strong><\/p>\n<p style=\"text-align: center;\">Direto da Inglaterra chega not\u00edcia de que a duquesa Meghan Markle de apenas 36 anos, acaba de ganhar uma biografia. Escrito por Andrew Morton, bi\u00f3grafo da princesa Diana, o livro chega ao Brasil neste m\u00eas com o t\u00edtulo \u201cMeghan\u201d. Sai pela editora Seoman, com entrevistas com a fam\u00edlia, professores da atriz, al\u00e9m de contar detalhes do in\u00edcio do romance com o pr\u00edncipe Harry.<\/p>\n<div id=\"attachment_107549\" style=\"width: 690px\" class=\"wp-caption aligncenter\"><img loading=\"lazy\" decoding=\"async\" aria-describedby=\"caption-attachment-107549\" class=\"wp-image-107549\" src=\"http:\/\/diarioregionaljf.com.br\/wp-content\/uploads\/2018\/06\/fotoaa-4.jpg\" alt=\"\" width=\"680\" height=\"454\" srcset=\"https:\/\/diarioregionaldigital.com.br\/wp-content\/uploads\/2018\/06\/fotoaa-4.jpg 2816w, https:\/\/diarioregionaldigital.com.br\/wp-content\/uploads\/2018\/06\/fotoaa-4-300x200.jpg 300w, https:\/\/diarioregionaldigital.com.br\/wp-content\/uploads\/2018\/06\/fotoaa-4-768x513.jpg 768w, https:\/\/diarioregionaldigital.com.br\/wp-content\/uploads\/2018\/06\/fotoaa-4-1024x684.jpg 1024w, https:\/\/diarioregionaldigital.com.br\/wp-content\/uploads\/2018\/06\/fotoaa-4-360x240.jpg 360w\" sizes=\"auto, (max-width: 680px) 100vw, 680px\" \/><p id=\"caption-attachment-107549\" class=\"wp-caption-text\">Em visita ao Sircom, o senador Antonio Anastasia posou com Marcos Pestana, Antonio Jorge, Erickson Arag\u00e3o, Danielle Vasconcellos, Ricardo Perrone, Jane Arag\u00e3o, Fl\u00e1via Arag\u00e3o Platz, Aloisio Vasconcelos e Ronald Platz<\/p><\/div>\n<div id=\"attachment_107550\" style=\"width: 690px\" class=\"wp-caption aligncenter\"><img loading=\"lazy\" decoding=\"async\" aria-describedby=\"caption-attachment-107550\" class=\"wp-image-107550\" src=\"http:\/\/diarioregionaljf.com.br\/wp-content\/uploads\/2018\/06\/fotob-5-e1528752001604.jpg\" alt=\"\" width=\"680\" height=\"527\" srcset=\"https:\/\/diarioregionaldigital.com.br\/wp-content\/uploads\/2018\/06\/fotob-5-e1528752001604.jpg 552w, https:\/\/diarioregionaldigital.com.br\/wp-content\/uploads\/2018\/06\/fotob-5-e1528752001604-300x233.jpg 300w, https:\/\/diarioregionaldigital.com.br\/wp-content\/uploads\/2018\/06\/fotob-5-e1528752001604-360x279.jpg 360w\" sizes=\"auto, (max-width: 680px) 100vw, 680px\" \/><p id=\"caption-attachment-107550\" class=\"wp-caption-text\">O antenado Juber Pac\u00edfico vibrando com o time de ra\u00e7a e tradi\u00e7\u00e3o Flamengo<\/p><\/div>\n<div id=\"attachment_107551\" style=\"width: 690px\" class=\"wp-caption aligncenter\"><img loading=\"lazy\" decoding=\"async\" aria-describedby=\"caption-attachment-107551\" class=\"wp-image-107551\" src=\"http:\/\/diarioregionaljf.com.br\/wp-content\/uploads\/2018\/06\/fotobb-1-e1528752223158.jpg\" alt=\"\" width=\"680\" height=\"530\" srcset=\"https:\/\/diarioregionaldigital.com.br\/wp-content\/uploads\/2018\/06\/fotobb-1-e1528752223158.jpg 640w, https:\/\/diarioregionaldigital.com.br\/wp-content\/uploads\/2018\/06\/fotobb-1-e1528752223158-300x234.jpg 300w, https:\/\/diarioregionaldigital.com.br\/wp-content\/uploads\/2018\/06\/fotobb-1-e1528752223158-360x281.jpg 360w\" sizes=\"auto, (max-width: 680px) 100vw, 680px\" \/><p id=\"caption-attachment-107551\" class=\"wp-caption-text\">Fazendo pit-stop para esta coluna hoje o fot\u00f3grafo cruzeirense de Betim, Je\u00edlson Costa<\/p><\/div>\n<div id=\"attachment_107552\" style=\"width: 690px\" class=\"wp-caption aligncenter\"><img loading=\"lazy\" decoding=\"async\" aria-describedby=\"caption-attachment-107552\" class=\"wp-image-107552\" src=\"http:\/\/diarioregionaljf.com.br\/wp-content\/uploads\/2018\/06\/fotoc-e1528752280275.png\" alt=\"\" width=\"680\" height=\"531\" srcset=\"https:\/\/diarioregionaldigital.com.br\/wp-content\/uploads\/2018\/06\/fotoc-e1528752280275.png 480w, https:\/\/diarioregionaldigital.com.br\/wp-content\/uploads\/2018\/06\/fotoc-e1528752280275-300x234.png 300w, https:\/\/diarioregionaldigital.com.br\/wp-content\/uploads\/2018\/06\/fotoc-e1528752280275-360x281.png 360w\" sizes=\"auto, (max-width: 680px) 100vw, 680px\" \/><p id=\"caption-attachment-107552\" class=\"wp-caption-text\">Em Bras\u00edlia Eduardo Mautoni celebrando sua elegante m\u00e3e Sueli Mautoni<\/p><\/div>\n<div id=\"attachment_107553\" style=\"width: 690px\" class=\"wp-caption aligncenter\"><img loading=\"lazy\" decoding=\"async\" aria-describedby=\"caption-attachment-107553\" class=\"wp-image-107553\" src=\"http:\/\/diarioregionaljf.com.br\/wp-content\/uploads\/2018\/06\/fotod-5-e1528752843700.jpg\" alt=\"\" width=\"680\" height=\"542\" srcset=\"https:\/\/diarioregionaldigital.com.br\/wp-content\/uploads\/2018\/06\/fotod-5-e1528752843700.jpg 442w, https:\/\/diarioregionaldigital.com.br\/wp-content\/uploads\/2018\/06\/fotod-5-e1528752843700-300x239.jpg 300w, https:\/\/diarioregionaldigital.com.br\/wp-content\/uploads\/2018\/06\/fotod-5-e1528752843700-360x287.jpg 360w\" sizes=\"auto, (max-width: 680px) 100vw, 680px\" \/><p id=\"caption-attachment-107553\" class=\"wp-caption-text\">Com muitos drinques Lu\u00eds Alfredo comemorou o n\u00edver de sua mulher Beth<\/p><\/div>\n<div id=\"attachment_107554\" style=\"width: 690px\" class=\"wp-caption aligncenter\"><img loading=\"lazy\" decoding=\"async\" aria-describedby=\"caption-attachment-107554\" class=\"wp-image-107554\" src=\"http:\/\/diarioregionaljf.com.br\/wp-content\/uploads\/2018\/06\/fotoe-3.jpg\" alt=\"\" width=\"680\" height=\"487\" srcset=\"https:\/\/diarioregionaldigital.com.br\/wp-content\/uploads\/2018\/06\/fotoe-3.jpg 960w, https:\/\/diarioregionaldigital.com.br\/wp-content\/uploads\/2018\/06\/fotoe-3-300x215.jpg 300w, https:\/\/diarioregionaldigital.com.br\/wp-content\/uploads\/2018\/06\/fotoe-3-768x550.jpg 768w, https:\/\/diarioregionaldigital.com.br\/wp-content\/uploads\/2018\/06\/fotoe-3-360x258.jpg 360w\" sizes=\"auto, (max-width: 680px) 100vw, 680px\" \/><p id=\"caption-attachment-107554\" class=\"wp-caption-text\">Gente de sociedade no Restaurante Big Owl com Margareth Brito, Jacqueline Vianna, Marc\u00edlio Gomes e Charles<\/p><\/div>\n<div id=\"attachment_107557\" style=\"width: 690px\" class=\"wp-caption aligncenter\"><img loading=\"lazy\" decoding=\"async\" aria-describedby=\"caption-attachment-107557\" class=\"wp-image-107557\" src=\"http:\/\/diarioregionaljf.com.br\/wp-content\/uploads\/2018\/06\/fotoh-5-e1528752875343.jpg\" alt=\"\" width=\"680\" height=\"526\" srcset=\"https:\/\/diarioregionaldigital.com.br\/wp-content\/uploads\/2018\/06\/fotoh-5-e1528752875343.jpg 837w, https:\/\/diarioregionaldigital.com.br\/wp-content\/uploads\/2018\/06\/fotoh-5-e1528752875343-300x232.jpg 300w, https:\/\/diarioregionaldigital.com.br\/wp-content\/uploads\/2018\/06\/fotoh-5-e1528752875343-768x595.jpg 768w, https:\/\/diarioregionaldigital.com.br\/wp-content\/uploads\/2018\/06\/fotoh-5-e1528752875343-360x279.jpg 360w\" sizes=\"auto, (max-width: 680px) 100vw, 680px\" \/><p id=\"caption-attachment-107557\" class=\"wp-caption-text\">O bonit\u00e3o vasca\u00edno Iago Castro desfilando no evento Caras &amp; Bocas em S\u00e3o Jo\u00e3o Nepomuceno<\/p><\/div>\n<div id=\"attachment_107558\" style=\"width: 690px\" class=\"wp-caption aligncenter\"><img loading=\"lazy\" decoding=\"async\" aria-describedby=\"caption-attachment-107558\" class=\"wp-image-107558\" src=\"http:\/\/diarioregionaljf.com.br\/wp-content\/uploads\/2018\/06\/fotoj-5.jpg\" alt=\"\" width=\"680\" height=\"510\" srcset=\"https:\/\/diarioregionaldigital.com.br\/wp-content\/uploads\/2018\/06\/fotoj-5.jpg 369w, https:\/\/diarioregionaldigital.com.br\/wp-content\/uploads\/2018\/06\/fotoj-5-300x225.jpg 300w, https:\/\/diarioregionaldigital.com.br\/wp-content\/uploads\/2018\/06\/fotoj-5-360x270.jpg 360w\" sizes=\"auto, (max-width: 680px) 100vw, 680px\" \/><p id=\"caption-attachment-107558\" class=\"wp-caption-text\">No MAMM, talentos para a nova Juiz de Fora, Guilherme Ov\u00eddio (Sorris\u00e3o), Denise Zagheto e Lelei Faini<\/p><\/div>\n<div id=\"attachment_107559\" style=\"width: 690px\" class=\"wp-caption aligncenter\"><img loading=\"lazy\" decoding=\"async\" aria-describedby=\"caption-attachment-107559\" class=\"wp-image-107559\" src=\"http:\/\/diarioregionaljf.com.br\/wp-content\/uploads\/2018\/06\/fotof-5-e1528752987151.jpg\" alt=\"\" width=\"680\" height=\"550\" srcset=\"https:\/\/diarioregionaldigital.com.br\/wp-content\/uploads\/2018\/06\/fotof-5-e1528752987151.jpg 720w, https:\/\/diarioregionaldigital.com.br\/wp-content\/uploads\/2018\/06\/fotof-5-e1528752987151-300x243.jpg 300w, https:\/\/diarioregionaldigital.com.br\/wp-content\/uploads\/2018\/06\/fotof-5-e1528752987151-360x291.jpg 360w\" sizes=\"auto, (max-width: 680px) 100vw, 680px\" \/><p id=\"caption-attachment-107559\" class=\"wp-caption-text\">Nas baladas noturnas de JF, Daiana Borges e Tyler Alvim<\/p><\/div>\n<div id=\"attachment_107556\" style=\"width: 690px\" class=\"wp-caption aligncenter\"><img loading=\"lazy\" decoding=\"async\" aria-describedby=\"caption-attachment-107556\" class=\"wp-image-107556\" src=\"http:\/\/diarioregionaljf.com.br\/wp-content\/uploads\/2018\/06\/fotog-3.jpg\" alt=\"\" width=\"680\" height=\"566\" srcset=\"https:\/\/diarioregionaldigital.com.br\/wp-content\/uploads\/2018\/06\/fotog-3.jpg 400w, https:\/\/diarioregionaldigital.com.br\/wp-content\/uploads\/2018\/06\/fotog-3-300x250.jpg 300w, https:\/\/diarioregionaldigital.com.br\/wp-content\/uploads\/2018\/06\/fotog-3-360x300.jpg 360w\" sizes=\"auto, (max-width: 680px) 100vw, 680px\" \/><p id=\"caption-attachment-107556\" class=\"wp-caption-text\">No La Caprese durante o jantar comemorativo dos 33 anos da Intermezzo Turismo, Verinha Ludolf e Ermani Souza ladeados de Patr\u00edcia Bartels, Simone Fernandes, Marcela Bersan e Juliana Coimbra<\/p><\/div>\n<p style=\"text-align: center;\"><strong>FOTOSS\u00cdNTESE<\/strong><\/p>\n<p>Nesta 3\u00aa feira, 12, Dia dos Namorados, o Muzik recebe a cantora Sandra Portella e Banda com a turn\u00ea do CD Banho de F\u00e9. A partir das 22h.<\/p>\n<p>Durante a grava\u00e7\u00e3o da Feijoada da Torcida do colunista C\u00e9sar Romero este colunista vestiu a elegante moda da M. Marques.<\/p>\n<p>Em boa hora, a C\u00e2mara Municipal de Juiz de Fora voltou a fazer emiss\u00e3o das carteiras de identidade.<\/p>\n<p>Para animar rep\u00f3rteres e jornalistas \u00e9 bom lembrar que as inscri\u00e7\u00f5es para o Pr\u00eamio Oddone Turolla de Jornalismo &#8211; 2018 termina no dia 30 de junho.<\/p>\n<p>Localizado no Milho Branco, o Buteco da Uni\u00e3o vai abrir espa\u00e7o a partir do dia 17 de junho, a partir das 12h, (somente aos domingos) com cerveja gelada, v\u00e1rios petiscos, m\u00fasica ao vivo e transmiss\u00e3o dos Jogos da Copa do Mundo. Fica na quadra da Escola de Samba Uni\u00e3o das Cores. Convidando o bambambam Bruno Pereira (Black).<\/p>\n<p>Regina Monteiro faz sucesso com o show de Festas Buffet &amp; Eventos. Ela produz deliciosamente: casamentos, 15 anos, formaturas, festas infantis, coffee break e kit escola. Contato: 98891-6762.<\/p>\n<p>Para esta 3\u00aa feira, 12, Dia dos Namorados, a dica \u00e9 dar uma esticada ao Hotel Fazenda Santa Helena, com jantar especial \u00e0 luz de velas com m\u00fasica ao vivo.<\/p>\n<p>O empres\u00e1rio M\u00e1rcio Alves (leia-se Conservadora Memorial), vai receber Mo\u00e7\u00e3o de Aplauso, dia 15 de junho, \u00e0s 9h, na C\u00e2mara Municipal, por solicita\u00e7\u00e3o do vereador Sargento Melo (Casal). Merece pela dedica\u00e7\u00e3o e seguran\u00e7a em Juiz de Fora.<\/p>\n<p>Para delirar hoje: As emo\u00e7\u00f5es desencontradas muitas vezes esquentam o relacionamento e faz surgir o processo da decis\u00e3o. Bom dia.<\/p>\n","protected":false},"excerpt":{"rendered":"<p>Cultura A Galeria de Arte do Forum da Cultura recebe a exposi\u00e7\u00e3o \u201cMenos \u00e9 mais\u201d da artista D\u00e9bora de Paula, composta por esculturas usando a t\u00e9cnica de papel mach\u00ea e quadros com pigmentos naturais real\u00e7ando anjos, \u00edndios, arlequins e colombinas. As visita\u00e7\u00f5es at\u00e9 o dia 15 de junho. Beleza Para o Miss Bari\u00e1trica que vai [&hellip;]<\/p>\n","protected":false},"author":96,"featured_media":107549,"comment_status":"closed","ping_status":"closed","sticky":false,"template":"","format":"standard","meta":{"footnotes":""},"categories":[264],"tags":[],"class_list":["post-107573","post","type-post","status-publish","format-standard","has-post-thumbnail","hentry","category-eduardo-gomes"],"_links":{"self":[{"href":"https:\/\/diarioregionaldigital.com.br\/index.php?rest_route=\/wp\/v2\/posts\/107573","targetHints":{"allow":["GET"]}}],"collection":[{"href":"https:\/\/diarioregionaldigital.com.br\/index.php?rest_route=\/wp\/v2\/posts"}],"about":[{"href":"https:\/\/diarioregionaldigital.com.br\/index.php?rest_route=\/wp\/v2\/types\/post"}],"author":[{"embeddable":true,"href":"https:\/\/diarioregionaldigital.com.br\/index.php?rest_route=\/wp\/v2\/users\/96"}],"replies":[{"embeddable":true,"href":"https:\/\/diarioregionaldigital.com.br\/index.php?rest_route=%2Fwp%2Fv2%2Fcomments&post=107573"}],"version-history":[{"count":0,"href":"https:\/\/diarioregionaldigital.com.br\/index.php?rest_route=\/wp\/v2\/posts\/107573\/revisions"}],"wp:featuredmedia":[{"embeddable":true,"href":"https:\/\/diarioregionaldigital.com.br\/index.php?rest_route=\/wp\/v2\/media\/107549"}],"wp:attachment":[{"href":"https:\/\/diarioregionaldigital.com.br\/index.php?rest_route=%2Fwp%2Fv2%2Fmedia&parent=107573"}],"wp:term":[{"taxonomy":"category","embeddable":true,"href":"https:\/\/diarioregionaldigital.com.br\/index.php?rest_route=%2Fwp%2Fv2%2Fcategories&post=107573"},{"taxonomy":"post_tag","embeddable":true,"href":"https:\/\/diarioregionaldigital.com.br\/index.php?rest_route=%2Fwp%2Fv2%2Ftags&post=107573"}],"curies":[{"name":"wp","href":"https:\/\/api.w.org\/{rel}","templated":true}]}}