{"id":107569,"date":"2018-06-11T18:01:58","date_gmt":"2018-06-11T21:01:58","guid":{"rendered":"http:\/\/diarioregionaljf.com.br\/?p=107569"},"modified":"2018-06-11T18:01:58","modified_gmt":"2018-06-11T21:01:58","slug":"feriado-de-santo-antonio-antecipa-feira-livre-noturna-para-esta-terca-feira","status":"publish","type":"post","link":"https:\/\/diarioregionaldigital.com.br\/?p=107569","title":{"rendered":"Feriado de Santo Ant\u00f4nio antecipa feira livre noturna para esta ter\u00e7a-feira"},"content":{"rendered":"<p>A feira livre noturna ter\u00e1 seu funcionamento antecipado para esta ter\u00e7a-feira, 12, em fun\u00e7\u00e3o do feriado de Santo Ant\u00f4nio (padroeiro de Juiz de Fora), na quarta-feira, 13. A atividade acontecer\u00e1 no hor\u00e1rio tradicional, de 16h \u00e0s 22h, na Pra\u00e7a Ant\u00f4nio Carlos.<\/p>\n<p>No espa\u00e7o, organizado pela Secretaria de Agropecu\u00e1ria e Abastecimento (SAA) da Prefeitura de Juiz de Fora (PJF), os consumidores podem comprar os mais variados produtos, entre frutas, verduras, legumes, bolos, biscoitos e doces, a maioria deles colhida e preparada horas antes do in\u00edcio da feira. Incluindo o tradicional pastel, h\u00e1 espa\u00e7o para alimenta\u00e7\u00e3o, com as mais diversas op\u00e7\u00f5es, como churrasquinho, tapioca e bebidas.<\/p>\n<p>Fonte: Assessoria<\/p>\n","protected":false},"excerpt":{"rendered":"<p>A feira livre noturna ter\u00e1 seu funcionamento antecipado para esta ter\u00e7a-feira, 12, em fun\u00e7\u00e3o do feriado de Santo Ant\u00f4nio (padroeiro de Juiz de Fora), na quarta-feira, 13. A atividade acontecer\u00e1 no hor\u00e1rio tradicional, de 16h \u00e0s 22h, na Pra\u00e7a Ant\u00f4nio Carlos. No espa\u00e7o, organizado pela Secretaria de Agropecu\u00e1ria e Abastecimento (SAA) da Prefeitura de Juiz [&hellip;]<\/p>\n","protected":false},"author":96,"featured_media":107570,"comment_status":"closed","ping_status":"closed","sticky":false,"template":"","format":"standard","meta":{"footnotes":""},"categories":[253,440,439],"tags":[],"class_list":["post-107569","post","type-post","status-publish","format-standard","has-post-thumbnail","hentry","category-cidade","category-destaques-do-dia","category-ultima-hora"],"_links":{"self":[{"href":"https:\/\/diarioregionaldigital.com.br\/index.php?rest_route=\/wp\/v2\/posts\/107569","targetHints":{"allow":["GET"]}}],"collection":[{"href":"https:\/\/diarioregionaldigital.com.br\/index.php?rest_route=\/wp\/v2\/posts"}],"about":[{"href":"https:\/\/diarioregionaldigital.com.br\/index.php?rest_route=\/wp\/v2\/types\/post"}],"author":[{"embeddable":true,"href":"https:\/\/diarioregionaldigital.com.br\/index.php?rest_route=\/wp\/v2\/users\/96"}],"replies":[{"embeddable":true,"href":"https:\/\/diarioregionaldigital.com.br\/index.php?rest_route=%2Fwp%2Fv2%2Fcomments&post=107569"}],"version-history":[{"count":0,"href":"https:\/\/diarioregionaldigital.com.br\/index.php?rest_route=\/wp\/v2\/posts\/107569\/revisions"}],"wp:featuredmedia":[{"embeddable":true,"href":"https:\/\/diarioregionaldigital.com.br\/index.php?rest_route=\/wp\/v2\/media\/107570"}],"wp:attachment":[{"href":"https:\/\/diarioregionaldigital.com.br\/index.php?rest_route=%2Fwp%2Fv2%2Fmedia&parent=107569"}],"wp:term":[{"taxonomy":"category","embeddable":true,"href":"https:\/\/diarioregionaldigital.com.br\/index.php?rest_route=%2Fwp%2Fv2%2Fcategories&post=107569"},{"taxonomy":"post_tag","embeddable":true,"href":"https:\/\/diarioregionaldigital.com.br\/index.php?rest_route=%2Fwp%2Fv2%2Ftags&post=107569"}],"curies":[{"name":"wp","href":"https:\/\/api.w.org\/{rel}","templated":true}]}}