{"id":107567,"date":"2018-06-11T17:54:59","date_gmt":"2018-06-11T20:54:59","guid":{"rendered":"http:\/\/diarioregionaljf.com.br\/?p=107567"},"modified":"2018-06-11T17:54:59","modified_gmt":"2018-06-11T20:54:59","slug":"lista-de-vagas-do-sisu-esta-disponivel-inscricoes-comecam-amanha","status":"publish","type":"post","link":"https:\/\/diarioregionaldigital.com.br\/?p=107567","title":{"rendered":"Lista de vagas do Sisu est\u00e1 dispon\u00edvel; inscri\u00e7\u00f5es come\u00e7am amanh\u00e3"},"content":{"rendered":"<p>Os estudantes que querem concorrer a um lugar no ensino superior em institui\u00e7\u00f5es p\u00fablicas podem consultar as vagas dispon\u00edveis no Sistema de Sele\u00e7\u00e3o Unificada (Sisu). \u00c9 poss\u00edvel fazer consultas por curso, por institui\u00e7\u00e3o de ensino e por munic\u00edpio. As inscri\u00e7\u00f5es para o segundo semestre come\u00e7am nesta ter\u00e7a-feira, 12, e v\u00e3o at\u00e9 o dia 15.<\/p>\n<p>Neste processo seletivo, o Sisu vai oferecer 57.271 vagas em 68 institui\u00e7\u00f5es p\u00fablicas de ensino superior, segundo o Minist\u00e9rio da Educa\u00e7\u00e3o.<\/p>\n<p>Pode concorrer \u00e0s vagas quem fez o Exame Nacional do Ensino M\u00e9dio (Enem) em 2017 e obteve nota acima de zero em reda\u00e7\u00e3o. Todo o processo de inscri\u00e7\u00e3o \u00e9 feito exclusivamente pela internet, na p\u00e1gina do Sisu.<\/p>\n<p>Ao ingressar no sistema, o candidato dever\u00e1 escolher, por ordem de prefer\u00eancia, at\u00e9 duas op\u00e7\u00f5es de curso entre as vagas ofertadas. \u00c9 poss\u00edvel alterar essas op\u00e7\u00f5es durante todo o per\u00edodo de inscri\u00e7\u00e3o. A \u00faltima modifica\u00e7\u00e3o confirmada \u00e9 a considerada v\u00e1lida.<\/p>\n<p>As vagas ser\u00e3o oferecidas em oito institui\u00e7\u00f5es p\u00fablicas estaduais, uma faculdade p\u00fablica municipal e 59 institui\u00e7\u00f5es p\u00fablicas federais, com dois centros de educa\u00e7\u00e3o tecnol\u00f3gica, 27 institutos federais de educa\u00e7\u00e3o, ci\u00eancia e tecnologia e 30 universidades.<\/p>\n<p>O resultado da chamada regular est\u00e1 previsto para o dia 18 de junho. O per\u00edodo de matr\u00edcula vai de 22 at\u00e9 28 de junho e o prazo para participar da lista de espera \u00e9 de 22 a 27 de junho.<\/p>\n<p>&nbsp;<\/p>\n<p>Fonte: Ag\u00eancia Brasil<\/p>\n","protected":false},"excerpt":{"rendered":"<p>Os estudantes que querem concorrer a um lugar no ensino superior em institui\u00e7\u00f5es p\u00fablicas podem consultar as vagas dispon\u00edveis no Sistema de Sele\u00e7\u00e3o Unificada (Sisu). \u00c9 poss\u00edvel fazer consultas por curso, por institui\u00e7\u00e3o de ensino e por munic\u00edpio. As inscri\u00e7\u00f5es para o segundo semestre come\u00e7am nesta ter\u00e7a-feira, 12, e v\u00e3o at\u00e9 o dia 15. Neste [&hellip;]<\/p>\n","protected":false},"author":96,"featured_media":104538,"comment_status":"closed","ping_status":"closed","sticky":false,"template":"","format":"standard","meta":{"footnotes":""},"categories":[302,440,439],"tags":[],"class_list":["post-107567","post","type-post","status-publish","format-standard","has-post-thumbnail","hentry","category-brasil-mundo","category-destaques-do-dia","category-ultima-hora"],"_links":{"self":[{"href":"https:\/\/diarioregionaldigital.com.br\/index.php?rest_route=\/wp\/v2\/posts\/107567","targetHints":{"allow":["GET"]}}],"collection":[{"href":"https:\/\/diarioregionaldigital.com.br\/index.php?rest_route=\/wp\/v2\/posts"}],"about":[{"href":"https:\/\/diarioregionaldigital.com.br\/index.php?rest_route=\/wp\/v2\/types\/post"}],"author":[{"embeddable":true,"href":"https:\/\/diarioregionaldigital.com.br\/index.php?rest_route=\/wp\/v2\/users\/96"}],"replies":[{"embeddable":true,"href":"https:\/\/diarioregionaldigital.com.br\/index.php?rest_route=%2Fwp%2Fv2%2Fcomments&post=107567"}],"version-history":[{"count":0,"href":"https:\/\/diarioregionaldigital.com.br\/index.php?rest_route=\/wp\/v2\/posts\/107567\/revisions"}],"wp:featuredmedia":[{"embeddable":true,"href":"https:\/\/diarioregionaldigital.com.br\/index.php?rest_route=\/wp\/v2\/media\/104538"}],"wp:attachment":[{"href":"https:\/\/diarioregionaldigital.com.br\/index.php?rest_route=%2Fwp%2Fv2%2Fmedia&parent=107567"}],"wp:term":[{"taxonomy":"category","embeddable":true,"href":"https:\/\/diarioregionaldigital.com.br\/index.php?rest_route=%2Fwp%2Fv2%2Fcategories&post=107567"},{"taxonomy":"post_tag","embeddable":true,"href":"https:\/\/diarioregionaldigital.com.br\/index.php?rest_route=%2Fwp%2Fv2%2Ftags&post=107567"}],"curies":[{"name":"wp","href":"https:\/\/api.w.org\/{rel}","templated":true}]}}