{"id":107542,"date":"2018-06-11T15:10:08","date_gmt":"2018-06-11T18:10:08","guid":{"rendered":"http:\/\/diarioregionaljf.com.br\/?p=107542"},"modified":"2018-06-11T15:10:08","modified_gmt":"2018-06-11T18:10:08","slug":"ccj-pode-votar-proposta-que-facilita-doacao-de-orgaos","status":"publish","type":"post","link":"https:\/\/diarioregionaldigital.com.br\/?p=107542","title":{"rendered":"CCJ pode votar proposta que facilita doa\u00e7\u00e3o de \u00f3rg\u00e3os"},"content":{"rendered":"<p>A doa\u00e7\u00e3o de \u00f3rg\u00e3os poder\u00e1 ocorrer, em alguns casos, sem a necessidade de autoriza\u00e7\u00e3o de familiares do falecido. A possibilidade est\u00e1 no\u00a0PLS 453\/2017, do senador Lasier Martins (PSD-RS), que ser\u00e1 analisado na reuni\u00e3o desta quarta-feira, 13, na Comiss\u00e3o de Constitui\u00e7\u00e3o, Justi\u00e7a e Cidadania (CCJ).<\/p>\n<p>&nbsp;<\/p>\n<p>O texto deixa expl\u00edcito que s\u00f3 se faz necess\u00e1ria a autoriza\u00e7\u00e3o familiar quando o potencial doador n\u00e3o tenha, em vida, se manifestado expressa e validamente a respeito. Para isso, modifica a Lei dos Transplantes (Lei 9.434\/1997). Atualmente, a norma exige autoriza\u00e7\u00e3o de c\u00f4njuge ou parente maior de idade, at\u00e9 o segundo grau, para retirada de tecidos, \u00f3rg\u00e3os e partes do corpo de pessoas falecidas para transplantes ou outra finalidade terap\u00eautica. A autoriza\u00e7\u00e3o dever\u00e1 ser firmada em documento assinado por duas testemunhas que atestem a morte do doador.<\/p>\n<p>&nbsp;<\/p>\n<p>O que o PLS 453\/2017 faz \u00e9 transformar essa exig\u00eancia da Lei dos Transplantes de obrigat\u00f3ria em condicional. Assim, s\u00f3 ser\u00e1 exigida autoriza\u00e7\u00e3o do c\u00f4njuge ou parente pr\u00f3ximo de uma pessoa falecida para doa\u00e7\u00e3o de \u00f3rg\u00e3os caso ela n\u00e3o tenha manifestado essa vontade, em vida, de forma legal.<\/p>\n<p>&nbsp;<\/p>\n<p>Para amparar essa dispensa de autoriza\u00e7\u00e3o familiar, Lasier invocou a tutela da autonomia da vontade do titular do direito da personalidade, assegurada pelo C\u00f3digo Civil. Por esse preceito, a manifesta\u00e7\u00e3o do doador para a retirada de partes de seu corpo depois da morte \u00e9 bastante para que sua vontade seja respeitada sem interfer\u00eancias da fam\u00edlia.<\/p>\n<p>&nbsp;<\/p>\n<p>\u201cInquestionavelmente, \u00e9 uma regula\u00e7\u00e3o que torna mais f\u00e1cil a doa\u00e7\u00e3o de \u00f3rg\u00e3os e, com efeito, tem a capacidade de melhorar consideravelmente a qualidade de vida daqueles que, desesperadamente, necessitam de \u00f3rg\u00e3os doados para prorrogar com dignidade as suas pr\u00f3prias vidas\u201d, argumentou Lasier em defesa da mudan\u00e7a.<\/p>\n<p>&nbsp;<\/p>\n<p>A relatora do projeto, senadora Ana Am\u00e9lia (PP-RS), concordou com o argumento de que a manifesta\u00e7\u00e3o v\u00e1lida da vontade de algu\u00e9m sobre a doa\u00e7\u00e3o de partes de seu corpo ap\u00f3s a morte \u00e9 suficiente e deve ficar livre da intromiss\u00e3o de terceiros. Mas, desde que essa retirada seja gratuita e para fim cient\u00edfico ou altru\u00edstico.<\/p>\n<p>&nbsp;<\/p>\n<p>\u201cA pr\u00e1tica das equipes de transplantes n\u00e3o teria \u2013 e nunca ter\u00e1 \u2013 o cond\u00e3o de se sobrepor \u00e0 lei, raz\u00e3o pela qual se mostra necess\u00e1rio haver lei clara que expressamente autorize a retirada de partes de cad\u00e1ver para efeito de doa\u00e7\u00e3o, sem a necessidade do consentimento familiar, desde que possa ser constatada a manifesta\u00e7\u00e3o v\u00e1lida do doador nesse sentido, como, por exemplo, em dizeres na sua carteira de identidade\u201d, considerou Ana Am\u00e9lia.<\/p>\n<p>&nbsp;<\/p>\n<p>Depois de passar pela CCJ, o PLS 453\/2017 s\u00f3 ser\u00e1 examinado pelo Plen\u00e1rio do Senado se houver recurso nesse sentido. Caso contr\u00e1rio, seguir\u00e1 direto para a C\u00e2mara dos Deputados.<\/p>\n<p>&nbsp;<\/p>\n<p>Fonte: Ag\u00eancia Senado<\/p>\n","protected":false},"excerpt":{"rendered":"<p>A doa\u00e7\u00e3o de \u00f3rg\u00e3os poder\u00e1 ocorrer, em alguns casos, sem a necessidade de autoriza\u00e7\u00e3o de familiares do falecido. A possibilidade est\u00e1 no\u00a0PLS 453\/2017, do senador Lasier Martins (PSD-RS), que ser\u00e1 analisado na reuni\u00e3o desta quarta-feira, 13, na Comiss\u00e3o de Constitui\u00e7\u00e3o, Justi\u00e7a e Cidadania (CCJ). &nbsp; O texto deixa expl\u00edcito que s\u00f3 se faz necess\u00e1ria a [&hellip;]<\/p>\n","protected":false},"author":96,"featured_media":107543,"comment_status":"closed","ping_status":"closed","sticky":false,"template":"","format":"standard","meta":{"footnotes":""},"categories":[440,254,439],"tags":[],"class_list":["post-107542","post","type-post","status-publish","format-standard","has-post-thumbnail","hentry","category-destaques-do-dia","category-politica","category-ultima-hora"],"_links":{"self":[{"href":"https:\/\/diarioregionaldigital.com.br\/index.php?rest_route=\/wp\/v2\/posts\/107542","targetHints":{"allow":["GET"]}}],"collection":[{"href":"https:\/\/diarioregionaldigital.com.br\/index.php?rest_route=\/wp\/v2\/posts"}],"about":[{"href":"https:\/\/diarioregionaldigital.com.br\/index.php?rest_route=\/wp\/v2\/types\/post"}],"author":[{"embeddable":true,"href":"https:\/\/diarioregionaldigital.com.br\/index.php?rest_route=\/wp\/v2\/users\/96"}],"replies":[{"embeddable":true,"href":"https:\/\/diarioregionaldigital.com.br\/index.php?rest_route=%2Fwp%2Fv2%2Fcomments&post=107542"}],"version-history":[{"count":0,"href":"https:\/\/diarioregionaldigital.com.br\/index.php?rest_route=\/wp\/v2\/posts\/107542\/revisions"}],"wp:featuredmedia":[{"embeddable":true,"href":"https:\/\/diarioregionaldigital.com.br\/index.php?rest_route=\/wp\/v2\/media\/107543"}],"wp:attachment":[{"href":"https:\/\/diarioregionaldigital.com.br\/index.php?rest_route=%2Fwp%2Fv2%2Fmedia&parent=107542"}],"wp:term":[{"taxonomy":"category","embeddable":true,"href":"https:\/\/diarioregionaldigital.com.br\/index.php?rest_route=%2Fwp%2Fv2%2Fcategories&post=107542"},{"taxonomy":"post_tag","embeddable":true,"href":"https:\/\/diarioregionaldigital.com.br\/index.php?rest_route=%2Fwp%2Fv2%2Ftags&post=107542"}],"curies":[{"name":"wp","href":"https:\/\/api.w.org\/{rel}","templated":true}]}}