{"id":107533,"date":"2018-06-11T10:07:42","date_gmt":"2018-06-11T13:07:42","guid":{"rendered":"http:\/\/diarioregionaljf.com.br\/?p=107533"},"modified":"2018-06-11T10:08:17","modified_gmt":"2018-06-11T13:08:17","slug":"mercado-preve-alta-de-194-no-pib-e-inflacao-de-382-em-2018","status":"publish","type":"post","link":"https:\/\/diarioregionaldigital.com.br\/?p=107533","title":{"rendered":"Mercado prev\u00ea alta de 1,94% no PIB e infla\u00e7\u00e3o de 3,82% em 2018"},"content":{"rendered":"<p>A estimativa do mercado financeiro para o crescimento da economia continua em queda, enquanto a proje\u00e7\u00e3o para a infla\u00e7\u00e3o sobe. De acordo com o <a href=\"https:\/\/www.bcb.gov.br\/pec\/GCI\/PORT\/readout\/readout.asp\" target=\"_blank\" rel=\"noopener\">Boletim Focus<\/a>, publica\u00e7\u00e3o divulgada na internet todas as semanas pelo <a href=\"http:\/\/www.bcb.gov.br\/pt-br#!\/home\" target=\"_blank\" rel=\"noopener\">Banco Central (BC<\/a>), a proje\u00e7\u00e3o para a expans\u00e3o do Produto Interno Bruto (PIB) &#8211; a soma de todos os bens e servi\u00e7os produzidos no pa\u00eds &#8211; passou de 2,18% para 1,94%. Essa foi a sexta redu\u00e7\u00e3o seguida.<\/p>\n<p>At\u00e9 a previs\u00e3o de crescimento do PIB para 2019, que permanecia inalterada h\u00e1 18 semanas seguidas, foi ajustada de 3% para 2,80%, no boletim divulgado hoje, 11.<\/p>\n<p>A estimativa para o \u00cdndice Nacional de Pre\u00e7os ao Consumidor Amplo (IPCA) subiu de 3,65% para 3,82% este ano, no quarto aumento seguido. Para 2019, a proje\u00e7\u00e3o foi ajustada de 4,01% para 4,07%.<\/p>\n<p>Mesmo assim, a expectativa para a infla\u00e7\u00e3o permanece abaixo da meta, que \u00e9 4,5%, com limite inferior de 3% e superior de 6%. Para 2019, a meta \u00e9 4,25%, com intervalo de toler\u00e2ncia entre 2,75% e 5,75%.<\/p>\n<p>&nbsp;<\/p>\n<p><span style=\"font-size: 12pt;\"><strong>SELIC<\/strong><\/span><\/p>\n<p>Para alcan\u00e7ar a meta, o BC usa como principal instrumento a taxa b\u00e1sica de juros, a Selic, atualmente em 6,50% ao ano. Quando o Comit\u00ea de Pol\u00edtica Monet\u00e1ria (Copom) do BC aumenta a Selic, o objetivo \u00e9 conter a demanda aquecida, e isso causa reflexos nos pre\u00e7os porque os juros mais altos encarecem o cr\u00e9dito e estimulam a poupan\u00e7a.<\/p>\n<p>Quando o Copom diminui os juros b\u00e1sicos, a tend\u00eancia \u00e9 que o cr\u00e9dito fique mais barato, com incentivo \u00e0 produ\u00e7\u00e3o e ao consumo, reduzindo o controle da infla\u00e7\u00e3o.<\/p>\n<p>A manuten\u00e7\u00e3o da Selic, como prev\u00ea o mercado financeiro, indica que o Copom considera suficientes para chegar \u00e0 meta as altera\u00e7\u00f5es anteriores.<\/p>\n<p>Para o mercado, a Selic deve permanecer em 6,50% ao ano at\u00e9 o fim de 2018 e subir ao longo de 2019, encerrando o per\u00edodo em 8% ao ano.<\/p>\n<p>Na semana passada, com a disparada dos juros futuros e do d\u00f3lar, que chegou a superar R$3,90, investidores consideraram a possibilidade de o Copom elevar a taxa Selic, mesmo com a infla\u00e7\u00e3o abaixo do centro da meta e a economia em recupera\u00e7\u00e3o. Entretanto, o presidente do BC, Ilan Goldfajn, descartou a possibilidade de usar a Selic para interferir no c\u00e2mbio, mas apenas para controlar a infla\u00e7\u00e3o. \u201cNa pr\u00f3xima reuni\u00e3o, o comit\u00ea analisar\u00e1 essas condi\u00e7\u00f5es com foco como sempre nas proje\u00e7\u00f5es e expectativas de infla\u00e7\u00e3o e o seu balan\u00e7o de riscos\u201d, disse.<\/p>\n<p>Na quinta-feira passada, 7, o BC anunciou uma interven\u00e7\u00e3o mais forte no mercado de c\u00e2mbio. Com isso, o d\u00f3lar comercial fechou a sexta-feira, 8, cotado a R$3,706, queda de 5,59%. O movimento interrompeu tr\u00eas altas seguidas ao longo da semana, e ocorreu um dia depois de a moeda norte-americana ter fechado o preg\u00e3o ao valor R$3,926 &#8211; a maior cota\u00e7\u00e3o desde mar\u00e7o de 2016.<\/p>\n<p>A previs\u00e3o do mercado financeiro para a cota\u00e7\u00e3o do d\u00f3lar permanece em R$3,50, tanto para o fim deste ano quanto para o final de 2019.<\/p>\n<p>&nbsp;<\/p>\n<p>Fonte: Ag\u00eancia Brasil<\/p>\n","protected":false},"excerpt":{"rendered":"<p>A estimativa do mercado financeiro para o crescimento da economia continua em queda, enquanto a proje\u00e7\u00e3o para a infla\u00e7\u00e3o sobe. De acordo com o Boletim Focus, publica\u00e7\u00e3o divulgada na internet todas as semanas pelo Banco Central (BC), a proje\u00e7\u00e3o para a expans\u00e3o do Produto Interno Bruto (PIB) &#8211; a soma de todos os bens e [&hellip;]<\/p>\n","protected":false},"author":96,"featured_media":105072,"comment_status":"closed","ping_status":"closed","sticky":false,"template":"","format":"standard","meta":{"footnotes":""},"categories":[436,261],"tags":[],"class_list":["post-107533","post","type-post","status-publish","format-standard","has-post-thumbnail","hentry","category-destaque-da-semana","category-economia"],"_links":{"self":[{"href":"https:\/\/diarioregionaldigital.com.br\/index.php?rest_route=\/wp\/v2\/posts\/107533","targetHints":{"allow":["GET"]}}],"collection":[{"href":"https:\/\/diarioregionaldigital.com.br\/index.php?rest_route=\/wp\/v2\/posts"}],"about":[{"href":"https:\/\/diarioregionaldigital.com.br\/index.php?rest_route=\/wp\/v2\/types\/post"}],"author":[{"embeddable":true,"href":"https:\/\/diarioregionaldigital.com.br\/index.php?rest_route=\/wp\/v2\/users\/96"}],"replies":[{"embeddable":true,"href":"https:\/\/diarioregionaldigital.com.br\/index.php?rest_route=%2Fwp%2Fv2%2Fcomments&post=107533"}],"version-history":[{"count":0,"href":"https:\/\/diarioregionaldigital.com.br\/index.php?rest_route=\/wp\/v2\/posts\/107533\/revisions"}],"wp:featuredmedia":[{"embeddable":true,"href":"https:\/\/diarioregionaldigital.com.br\/index.php?rest_route=\/wp\/v2\/media\/105072"}],"wp:attachment":[{"href":"https:\/\/diarioregionaldigital.com.br\/index.php?rest_route=%2Fwp%2Fv2%2Fmedia&parent=107533"}],"wp:term":[{"taxonomy":"category","embeddable":true,"href":"https:\/\/diarioregionaldigital.com.br\/index.php?rest_route=%2Fwp%2Fv2%2Fcategories&post=107533"},{"taxonomy":"post_tag","embeddable":true,"href":"https:\/\/diarioregionaldigital.com.br\/index.php?rest_route=%2Fwp%2Fv2%2Ftags&post=107533"}],"curies":[{"name":"wp","href":"https:\/\/api.w.org\/{rel}","templated":true}]}}