{"id":107523,"date":"2018-06-11T09:52:51","date_gmt":"2018-06-11T12:52:51","guid":{"rendered":"http:\/\/diarioregionaljf.com.br\/?p=107523"},"modified":"2018-06-11T09:56:20","modified_gmt":"2018-06-11T12:56:20","slug":"prf-prende-homem-que-transportava-12kg-de-drogas-em-bagagem","status":"publish","type":"post","link":"https:\/\/diarioregionaldigital.com.br\/?p=107523","title":{"rendered":"PRF prende homem que transportava 12kg de drogas em bagagem"},"content":{"rendered":"<p>A Pol\u00edcia Rodovi\u00e1ria Federal (PRF) prendeu na noite desse domingo, 10, um homem de 43 anos que transportava drogas em sua bagagem de viagem, dentro de um \u00f4nibus que realiza a linha S\u00e3o Paulo \u2013 Ponte Nova (MG).<\/p>\n<p>De acordo com informa\u00e7\u00f5es da PRF, durante fiscaliza\u00e7\u00e3o na altura do KM 306, da BR 116, pr\u00f3ximo ao munic\u00edpio de Resende\/RJ, os agentes da equipe de servi\u00e7o da opera\u00e7\u00e3o \u00c9gide, abordaram o \u00f4nibus e ao realizarem fiscaliza\u00e7\u00e3o aos passageiros perceberam que o passageiro aparentava estar bastante nervoso.<\/p>\n<p>Ao verificar a bagagem no bagageiro inferior do \u00f4nibus, foram encontrados e apreendidos 10 tabletes de maconha, pesando aproximadamente 10 Kg e dois tabletes de coca\u00edna pesando aproximadamente 2kg.<\/p>\n<p>O indiv\u00edduo informou \u00e0 PRF, que adquiriu o entorpecente na rodovi\u00e1ria de Tiet\u00ea na cidade de S\u00e3o Paulo e que receberia R$6.000 pelo transporte at\u00e9 a cidade de Ub\u00e1\/MG.<\/p>\n<p>Diante dos fatos, o homem foi preso em flagrante delito, pelo crime de tr\u00e1fico de drogas, sendo encaminhado, para a Delegacia de Pol\u00edcia Civil de Resende. Por se tratar de tr\u00e1fico interestadual de entorpecentes, o crime se torna ainda mais grave.<\/p>\n<p>No dia 7 deste m\u00eas, outro<a href=\"http:\/\/diarioregionaljf.com.br\/2018\/06\/07\/prf-prende-homem-que-transportava-10kg-de-maconha-em-onibus-interestadual\/\"> homem tamb\u00e9m foi preso dentro de \u00f4nibus ao transportar drogas de S\u00e3o Paulo para Vi\u00e7osa<\/a>.<\/p>\n","protected":false},"excerpt":{"rendered":"<p>A Pol\u00edcia Rodovi\u00e1ria Federal (PRF) prendeu na noite desse domingo, 10, um homem de 43 anos que transportava drogas em sua bagagem de viagem, dentro de um \u00f4nibus que realiza a linha S\u00e3o Paulo \u2013 Ponte Nova (MG). De acordo com informa\u00e7\u00f5es da PRF, durante fiscaliza\u00e7\u00e3o na altura do KM 306, da BR 116, pr\u00f3ximo [&hellip;]<\/p>\n","protected":false},"author":96,"featured_media":107526,"comment_status":"closed","ping_status":"closed","sticky":false,"template":"","format":"standard","meta":{"footnotes":""},"categories":[440,252,439],"tags":[],"class_list":["post-107523","post","type-post","status-publish","format-standard","has-post-thumbnail","hentry","category-destaques-do-dia","category-regiao","category-ultima-hora"],"_links":{"self":[{"href":"https:\/\/diarioregionaldigital.com.br\/index.php?rest_route=\/wp\/v2\/posts\/107523","targetHints":{"allow":["GET"]}}],"collection":[{"href":"https:\/\/diarioregionaldigital.com.br\/index.php?rest_route=\/wp\/v2\/posts"}],"about":[{"href":"https:\/\/diarioregionaldigital.com.br\/index.php?rest_route=\/wp\/v2\/types\/post"}],"author":[{"embeddable":true,"href":"https:\/\/diarioregionaldigital.com.br\/index.php?rest_route=\/wp\/v2\/users\/96"}],"replies":[{"embeddable":true,"href":"https:\/\/diarioregionaldigital.com.br\/index.php?rest_route=%2Fwp%2Fv2%2Fcomments&post=107523"}],"version-history":[{"count":0,"href":"https:\/\/diarioregionaldigital.com.br\/index.php?rest_route=\/wp\/v2\/posts\/107523\/revisions"}],"wp:featuredmedia":[{"embeddable":true,"href":"https:\/\/diarioregionaldigital.com.br\/index.php?rest_route=\/wp\/v2\/media\/107526"}],"wp:attachment":[{"href":"https:\/\/diarioregionaldigital.com.br\/index.php?rest_route=%2Fwp%2Fv2%2Fmedia&parent=107523"}],"wp:term":[{"taxonomy":"category","embeddable":true,"href":"https:\/\/diarioregionaldigital.com.br\/index.php?rest_route=%2Fwp%2Fv2%2Fcategories&post=107523"},{"taxonomy":"post_tag","embeddable":true,"href":"https:\/\/diarioregionaldigital.com.br\/index.php?rest_route=%2Fwp%2Fv2%2Ftags&post=107523"}],"curies":[{"name":"wp","href":"https:\/\/api.w.org\/{rel}","templated":true}]}}