{"id":107519,"date":"2018-06-11T09:04:42","date_gmt":"2018-06-11T12:04:42","guid":{"rendered":"http:\/\/diarioregionaljf.com.br\/?p=107519"},"modified":"2018-06-11T09:04:42","modified_gmt":"2018-06-11T12:04:42","slug":"cisdeste-abre-selecao-para-medicos-do-samu-de-juiz-de-fora-e-regiao","status":"publish","type":"post","link":"https:\/\/diarioregionaldigital.com.br\/?p=107519","title":{"rendered":"Cisdeste abre sele\u00e7\u00e3o para m\u00e9dicos do SAMU de Juiz de Fora e regi\u00e3o"},"content":{"rendered":"<p>O Cons\u00f3rcio Intermunicipal de Sa\u00fade para Gerenciamento da Rede de Urg\u00eancia e Emerg\u00eancia da Macro Sudeste (Cisdeste) abriu inscri\u00e7\u00f5es para processo seletivo que pretende formar cadastro de reserva de m\u00e9dicos para 07 munic\u00edpios da regi\u00e3o de abrang\u00eancia do SAMU. S\u00e3o oferecidas oportunidades para Carangola, Juiz de Fora, Leopoldina, Lima Duarte, Muria\u00e9, Santos Dumont e Ub\u00e1.<\/p>\n<p>As inscri\u00e7\u00f5es est\u00e3o abertas e poder\u00e3o ser feitas at\u00e9 as 15h do dia 14 de junho, presencialmente, na sede central do CISDESTE em Juiz de Fora (Rua Coronel Vidal, 800, Bairro S\u00e3o Dimas), ou pelo e-mail\u00a0<a href=\"mailto:selecaocisdeste@gmail.com\">selecaocisdeste@gmail.com<\/a>. Os documentos necess\u00e1rios est\u00e3o no edital publicado no site\u00a0<a href=\"http:\/\/www.cisdeste.com.br\/\" target=\"_blank\" rel=\"noopener noreferrer\" data-saferedirecturl=\"https:\/\/www.google.com\/url?hl=pt-BR&amp;q=http:\/\/www.cisdeste.com.br&amp;source=gmail&amp;ust=1528643182756000&amp;usg=AFQjCNGObqG1j3mylVkOJrnjU8ZbaHT0Gg\">www.cisdeste.com.br<\/a>.<\/p>\n<p>O sal\u00e1rio oferecido para os m\u00e9dicos \u00e9 de R$ 5.822,70, para uma carga hor\u00e1ria de 24h semanais. O processo seletivo ser\u00e1 feito por avalia\u00e7\u00e3o de t\u00edtulos e entrevista. A sele\u00e7\u00e3o tem validade de 180 dias e as inscri\u00e7\u00f5es s\u00e3o gratuitas.<\/p>\n<p>Fonte: Assessoria \/ Cisdeste<\/p>\n","protected":false},"excerpt":{"rendered":"<p>O Cons\u00f3rcio Intermunicipal de Sa\u00fade para Gerenciamento da Rede de Urg\u00eancia e Emerg\u00eancia da Macro Sudeste (Cisdeste) abriu inscri\u00e7\u00f5es para processo seletivo que pretende formar cadastro de reserva de m\u00e9dicos para 07 munic\u00edpios da regi\u00e3o de abrang\u00eancia do SAMU. S\u00e3o oferecidas oportunidades para Carangola, Juiz de Fora, Leopoldina, Lima Duarte, Muria\u00e9, Santos Dumont e Ub\u00e1. [&hellip;]<\/p>\n","protected":false},"author":96,"featured_media":107520,"comment_status":"closed","ping_status":"closed","sticky":false,"template":"","format":"standard","meta":{"footnotes":""},"categories":[436,252,439],"tags":[],"class_list":["post-107519","post","type-post","status-publish","format-standard","has-post-thumbnail","hentry","category-destaque-da-semana","category-regiao","category-ultima-hora"],"_links":{"self":[{"href":"https:\/\/diarioregionaldigital.com.br\/index.php?rest_route=\/wp\/v2\/posts\/107519","targetHints":{"allow":["GET"]}}],"collection":[{"href":"https:\/\/diarioregionaldigital.com.br\/index.php?rest_route=\/wp\/v2\/posts"}],"about":[{"href":"https:\/\/diarioregionaldigital.com.br\/index.php?rest_route=\/wp\/v2\/types\/post"}],"author":[{"embeddable":true,"href":"https:\/\/diarioregionaldigital.com.br\/index.php?rest_route=\/wp\/v2\/users\/96"}],"replies":[{"embeddable":true,"href":"https:\/\/diarioregionaldigital.com.br\/index.php?rest_route=%2Fwp%2Fv2%2Fcomments&post=107519"}],"version-history":[{"count":0,"href":"https:\/\/diarioregionaldigital.com.br\/index.php?rest_route=\/wp\/v2\/posts\/107519\/revisions"}],"wp:featuredmedia":[{"embeddable":true,"href":"https:\/\/diarioregionaldigital.com.br\/index.php?rest_route=\/wp\/v2\/media\/107520"}],"wp:attachment":[{"href":"https:\/\/diarioregionaldigital.com.br\/index.php?rest_route=%2Fwp%2Fv2%2Fmedia&parent=107519"}],"wp:term":[{"taxonomy":"category","embeddable":true,"href":"https:\/\/diarioregionaldigital.com.br\/index.php?rest_route=%2Fwp%2Fv2%2Fcategories&post=107519"},{"taxonomy":"post_tag","embeddable":true,"href":"https:\/\/diarioregionaldigital.com.br\/index.php?rest_route=%2Fwp%2Fv2%2Ftags&post=107519"}],"curies":[{"name":"wp","href":"https:\/\/api.w.org\/{rel}","templated":true}]}}