{"id":107510,"date":"2018-06-11T08:53:47","date_gmt":"2018-06-11T11:53:47","guid":{"rendered":"http:\/\/diarioregionaljf.com.br\/?p=107510"},"modified":"2018-06-11T09:12:26","modified_gmt":"2018-06-11T12:12:26","slug":"partidos-ainda-nao-decidiram-como-distribuirao-fundo-eleitoral","status":"publish","type":"post","link":"https:\/\/diarioregionaldigital.com.br\/?p=107510","title":{"rendered":"Partidos ainda n\u00e3o decidiram como distribuir\u00e3o fundo eleitoral"},"content":{"rendered":"<p>Nas primeiras elei\u00e7\u00f5es majorit\u00e1rias e proporcionais ap\u00f3s a proibi\u00e7\u00e3o do financiamento empresarial de campanhas, os partidos pol\u00edticos ainda n\u00e3o definiram de que forma v\u00e3o dividir os recursos do fundo eleitoral entre os seus candidatos. Criado no ano passado para regulamentar o repasse de recursos p\u00fablicos entre as legendas, o Fundo Especial de Financiamento de Campanha deve ficar em R$ 1,716 bilh\u00e3o este ano de dinheiro p\u00fablico.<\/p>\n<p>A maior parte \u00e9 dividida proporcionalmente entre os partidos, levando em conta o n\u00famero de representantes\u00a0no Congresso Nacional. Ou seja, as siglas que elegeram o maior n\u00famero de parlamentares em 2014 &#8211;\u00a0MDB, PT e PSDB &#8211;\u00a0ter\u00e3o direito \u00e0 maior fatia\u00a0do bolo. J\u00e1 o menor percentual, de 0,57%, ser\u00e1 destinado aos partidos menores, chamados de\u00a0nanicos, que ficar\u00e3o com R$ 980\u00a0mil\u00a0cada. Veja, a seguir, a posi\u00e7\u00e3o dos partidos.<\/p>\n<p><strong>MDB\u00a0<\/strong><\/p>\n<p>Respons\u00e1vel por receber\u00a0a maior fatia, de R$ 234 milh\u00f5es, o MDB definir\u00e1 no fim deste m\u00eas os crit\u00e9rios de divis\u00e3o.\u00a0Segundo o presidente nacional do partido, senador Romero Juc\u00e1 (RR), a Executiva Nacional ter\u00e1 uma\u00a0reuni\u00e3o no dia\u00a026 de junho para discutir o assunto.<\/p>\n<p>Al\u00e9m do financiamento p\u00fablico, o partido pretende\u00a0arrecadar doa\u00e7\u00f5es de forma independente, de pessoas f\u00edsicas, e por meio da plataforma de financiamento coletivo na internet, conhecida como crowndfunding. De acordo com Romero Juc\u00e1, a\u00e7\u00f5es junto ao Tribunal Superior Eleitoral (TSE) para aumentar a arrecada\u00e7\u00e3o \u201cn\u00e3o est\u00e3o no horizonte do partido\u201d, apesar de os recursos serem inferiores aos obtidos em 2014, quando ainda era poss\u00edvel a doa\u00e7\u00e3o empresarial.<\/p>\n<p>Ele disse que o MDB oferecer\u00e1 a todos os candidatos uma plataforma para receberem as doa\u00e7\u00f5es virtuais. &#8220;O MDB aposta nesta modalidade. A plataforma est\u00e1 em fase final de elabora\u00e7\u00e3o, sendo ativada \u00e0 medida que os pr\u00e9-candidatos solicitam, e ser\u00e1 apresentada aos candidatos tamb\u00e9m na reuni\u00e3o da Executiva, dia 26&#8221;, afirmou.<br \/>\n<strong>PT\u00a0<\/strong><\/p>\n<p>Em mar\u00e7o deste ano, o PT divulgou uma resolu\u00e7\u00e3o definindo os crit\u00e9rios e prioridades estrat\u00e9gicas para utiliza\u00e7\u00e3o dos recursos. O partido, que vai contar com R$ 212 milh\u00f5es do fundo eleitoral, disse que o financiamento p\u00fablico de campanhas \u00e9 uma bandeira hist\u00f3rica da legenda e defendeu a mobiliza\u00e7\u00e3o da sociedade\u00a0para obter outras formas de arrecada\u00e7\u00e3o.<\/p>\n<p>\u201cOs recursos do fundo eleitoral n\u00e3o ser\u00e3o suficientes para financiar todas as candidaturas no n\u00edvel que o partido gostaria. Assim, \u00e9 necess\u00e1ria a formula\u00e7\u00e3o de uma pol\u00edtica partid\u00e1ria de financiamento transparente e compat\u00edvel com essa realidade\u201d, avaliou a dire\u00e7\u00e3o partid\u00e1ria, ap\u00f3s reuni\u00e3o da Executiva Nacional da legenda.<\/p>\n<p>Na resolu\u00e7\u00e3o, o partido informa que \u201cestimular\u00e1 a busca por financiamento coletivo\u201d de pessoas f\u00edsicas. A prioridade n\u00famero um do PT, segundo o documento, \u00e9 o financiamento da\u00a0campanha de Luiz In\u00e1cio Lula da Silva para a Presid\u00eancia da Rep\u00fablica, seguida elei\u00e7\u00e3o de\u00a0uma \u201cgrande bancada\u201d de parlamentares, priorizando os que tentam a reelei\u00e7\u00e3o e os que t\u00eam\u00a0\u201cviabilidade eleitoral\u201d. Depois, v\u00eam a campanha para reelei\u00e7\u00e3o e elei\u00e7\u00e3o de governadores e de\u00a0bancadas para assembleias legislativas.<\/p>\n<p><strong>PSDB\u00a0<\/strong><\/p>\n<p>Por meio de um post em seu\u00a0site,\u00a0o PSDB informa que\u00a0o dia\u00a030 de junho \u00e9 a data\u00a0final para definir a forma de distribui\u00e7\u00e3o dos recursos. O partido deve receber do fundo\u00a0R$ 185,8 milh\u00f5es. Segundo a dire\u00e7\u00e3o nacional do partido, as arrecada\u00e7\u00f5es na internet feitas at\u00e9 o momento foram destinadas \u00e0 sigla e, a partir de agora, os candidatos passar\u00e3o a ser habilitados para o recebimento de doa\u00e7\u00f5es.<\/p>\n<p>\u201cAguardamos defini\u00e7\u00f5es de decis\u00f5es recentes do TSE, como os 30% para mulheres. Ap\u00f3s isso, vamos discutir internamente como ser\u00e3o distribu\u00eddos recursos que j\u00e1 estavam previstos e aprovados em reuni\u00e3o do m\u00eas passado\u201d, informou a legenda, referindo-se \u00e0 decis\u00e3o judicial determinando a destina\u00e7\u00e3o m\u00ednima de 30% do fundo p\u00fablico a campanhas de candidatas.<\/p>\n<p>O PSDB afirmou que apoia e estimula a participa\u00e7\u00e3o das mulheres nas elei\u00e7\u00f5es, mas disse aguardar o detalhamento das decis\u00f5es \u201cpara saber como agir\u201d. \u201cVamos seguir a legisla\u00e7\u00e3o aprovada e tentar arrecadar via crowdfunding e outras fontes permitidas por lei\u201d, acrescentaram os dirigentes.<\/p>\n<p><strong>PMB<\/strong><\/p>\n<p>Admitindo que o baixo montante de recursos ir\u00e1 dificultar o\u00a0lan\u00e7amento de candidaturas majorit\u00e1rias, a presidente do PMB, Su\u00ead Haidar, afirmou \u00e0\u00a0<strong>Ag\u00eancia Brasil<\/strong>que o foco ser\u00e1 a elei\u00e7\u00e3o de mulheres para a C\u00e2mara dos Deputados e as assembleias estaduais.<\/p>\n<p>\u201cVamos dividir esse pouco que temos com as candidaturas femininas. Esse recurso do fundo p\u00fablico n\u00f3s investiremos nas [campanhas destinadas \u00e0s] bancadas federal e estaduais\u201d, disse. Su\u00ead Haidar classificou de \u201cinjusto\u201d e \u201cdanoso\u201d o processo pelo qual o partido vem passando na busca pelos recursos de outro fundo: o partid\u00e1rio, repassado anualmente \u00e0s siglas.<\/p>\n<p>Ap\u00f3s receber a filia\u00e7\u00e3o de 24 deputados em 2015, quando teve o\u00a0registro autorizado pelo TSE, a legenda perdeu esses\u00a0quadros alguns meses depois, e agora pleiteia na corte uma parte do fundo partid\u00e1rio referente \u00e0 representa\u00e7\u00e3o proporcional que tinha na C\u00e2mara.\u00a0\u201cO direito \u00e9 nosso, na pr\u00f3pria legisla\u00e7\u00e3o eleitoral diz que quando os parlamentares migrassem n\u00e3o levariam o direito de antena nem os recursos\u201d, disse.<\/p>\n<p>Sobre a determina\u00e7\u00e3o de\u00a030% dos recursos do fundo eleitoral para as candidaturas femininas, a presidente comemora com ressalvas. Ela diz que o partido sempre foi o que proporcionalmente elegeu o maior n\u00famero de mulheres.<\/p>\n<p><strong>PSTU\u00a0<\/strong><\/p>\n<p>Para a pr\u00e9-candidata do PSTU \u00e0 Presid\u00eancia, Vera L\u00facia Salgado, o problema enfrentado pelas siglas pequenas para sustentarem campanhas simboliza a \u201cfalta de democracia\u201d nas elei\u00e7\u00f5es. \u201cEntendemos que o financiamento de campanha deveria ser p\u00fablico, com o mesmo valor para todos e o mesmo tempo [de r\u00e1dio e televis\u00e3o] tamb\u00e9m\u201d, afirmou \u00e0\u00a0<strong>Ag\u00eancia Brasil<\/strong>. Atualmente, as mesmas regras de divis\u00e3o do fundo eleitoral se aplicam \u00e0 propaganda gratuita de r\u00e1dio e TV, distribuindo grande parte do tempo a partidos com representa\u00e7\u00e3o na C\u00e2mara e no Senado.<\/p>\n<p>Segundo Vera L\u00facia, de acordo com a divis\u00e3o atual, a candidatura do partido ao Pal\u00e1cio do Planalto\u00a0ter\u00e1 direito a apenas tr\u00eas segundos de propaganda. \u201cPelas condi\u00e7\u00f5es materiais, al\u00e9m da express\u00e3o de pensamento atrav\u00e9s dos meios de comunica\u00e7\u00e3o, j\u00e1 est\u00e1 dado que quem vai ganhar as elei\u00e7\u00f5es s\u00e3o aqueles de sempre: \u00e9 o que tem maior tempo de TV, tem o maior volume de dinheiro para fazer campanha, que por sua vez s\u00e3o os mesmos partidos e os mesmos que est\u00e3o a\u00ed\u201d, criticou.<\/p>\n<p>Sobre a divis\u00e3o dos recursos, ela disse que a legenda ainda est\u00e1 discutindo o assunto. A pr\u00e9-candidata afirmou que o PSTU lan\u00e7ar\u00e1 nomes para os governos estaduais e o Senado, al\u00e9m de disputar o cargo de deputados federais e estaduais.<\/p>\n<p>Fonte: Ag\u00eancia Brasil<\/p>\n","protected":false},"excerpt":{"rendered":"<p>Nas primeiras elei\u00e7\u00f5es majorit\u00e1rias e proporcionais ap\u00f3s a proibi\u00e7\u00e3o do financiamento empresarial de campanhas, os partidos pol\u00edticos ainda n\u00e3o definiram de que forma v\u00e3o dividir os recursos do fundo eleitoral entre os seus candidatos. Criado no ano passado para regulamentar o repasse de recursos p\u00fablicos entre as legendas, o Fundo Especial de Financiamento de Campanha [&hellip;]<\/p>\n","protected":false},"author":96,"featured_media":97343,"comment_status":"closed","ping_status":"closed","sticky":false,"template":"","format":"standard","meta":{"footnotes":""},"categories":[254,439],"tags":[],"class_list":["post-107510","post","type-post","status-publish","format-standard","has-post-thumbnail","hentry","category-politica","category-ultima-hora"],"_links":{"self":[{"href":"https:\/\/diarioregionaldigital.com.br\/index.php?rest_route=\/wp\/v2\/posts\/107510","targetHints":{"allow":["GET"]}}],"collection":[{"href":"https:\/\/diarioregionaldigital.com.br\/index.php?rest_route=\/wp\/v2\/posts"}],"about":[{"href":"https:\/\/diarioregionaldigital.com.br\/index.php?rest_route=\/wp\/v2\/types\/post"}],"author":[{"embeddable":true,"href":"https:\/\/diarioregionaldigital.com.br\/index.php?rest_route=\/wp\/v2\/users\/96"}],"replies":[{"embeddable":true,"href":"https:\/\/diarioregionaldigital.com.br\/index.php?rest_route=%2Fwp%2Fv2%2Fcomments&post=107510"}],"version-history":[{"count":0,"href":"https:\/\/diarioregionaldigital.com.br\/index.php?rest_route=\/wp\/v2\/posts\/107510\/revisions"}],"wp:featuredmedia":[{"embeddable":true,"href":"https:\/\/diarioregionaldigital.com.br\/index.php?rest_route=\/wp\/v2\/media\/97343"}],"wp:attachment":[{"href":"https:\/\/diarioregionaldigital.com.br\/index.php?rest_route=%2Fwp%2Fv2%2Fmedia&parent=107510"}],"wp:term":[{"taxonomy":"category","embeddable":true,"href":"https:\/\/diarioregionaldigital.com.br\/index.php?rest_route=%2Fwp%2Fv2%2Fcategories&post=107510"},{"taxonomy":"post_tag","embeddable":true,"href":"https:\/\/diarioregionaldigital.com.br\/index.php?rest_route=%2Fwp%2Fv2%2Ftags&post=107510"}],"curies":[{"name":"wp","href":"https:\/\/api.w.org\/{rel}","templated":true}]}}