{"id":107509,"date":"2018-06-11T08:52:51","date_gmt":"2018-06-11T11:52:51","guid":{"rendered":"http:\/\/diarioregionaljf.com.br\/?p=107509"},"modified":"2018-06-11T08:53:46","modified_gmt":"2018-06-11T11:53:46","slug":"homem-e-esfaqueado-durante-briga-na-avenida-dos-andradas","status":"publish","type":"post","link":"https:\/\/diarioregionaldigital.com.br\/?p=107509","title":{"rendered":"Homem \u00e9 esfaqueado durante briga na Avenida dos Andradas"},"content":{"rendered":"<p>Um homem de 30 anos levou um golpe de faca na altura do pesco\u00e7o durante uma briga em um bar na Avenida dos Andradas, regi\u00e3o central da cidade, nesse domingo, 10. A v\u00edtima foi socorrida por uma equipe do Servi\u00e7o de Atendimento M\u00f3vel de Urg\u00eancia (SAMU) e conduzida para o Hospital de Pronto Socorro (HPS), onde permaneceu sob cuidados m\u00e9dicos, sem risco de vida.<\/p>\n<p>Conforme informa\u00e7\u00f5es da Pol\u00edcia Militar (PM), uma guarni\u00e7\u00e3o compareceu ao local ap\u00f3s ser acionada via centro de opera\u00e7\u00f5es. No bar, os militares se deparam com a v\u00edtima ensanguentada e com um corte no pesco\u00e7o.<\/p>\n<p>Em contato com o irm\u00e3o do homem, este relatou que ambos estavam no estabelecimento e a v\u00edtima conversava com uma mulher quando foi interpelada por um indiv\u00edduo, com o qual come\u00e7ou a brigar.<\/p>\n<p>Al\u00e9m de esfaquear a v\u00edtima, o autor tamb\u00e9m teria agredido o irm\u00e3o da mesma com um soco no rosto.<\/p>\n<p>Ningu\u00e9m foi detido.<\/p>\n","protected":false},"excerpt":{"rendered":"<p>Um homem de 30 anos levou um golpe de faca na altura do pesco\u00e7o durante uma briga em um bar na Avenida dos Andradas, regi\u00e3o central da cidade, nesse domingo, 10. A v\u00edtima foi socorrida por uma equipe do Servi\u00e7o de Atendimento M\u00f3vel de Urg\u00eancia (SAMU) e conduzida para o Hospital de Pronto Socorro (HPS), [&hellip;]<\/p>\n","protected":false},"author":96,"featured_media":97342,"comment_status":"closed","ping_status":"closed","sticky":false,"template":"","format":"standard","meta":{"footnotes":""},"categories":[301,439],"tags":[],"class_list":["post-107509","post","type-post","status-publish","format-standard","has-post-thumbnail","hentry","category-artigos-policiais","category-ultima-hora"],"_links":{"self":[{"href":"https:\/\/diarioregionaldigital.com.br\/index.php?rest_route=\/wp\/v2\/posts\/107509","targetHints":{"allow":["GET"]}}],"collection":[{"href":"https:\/\/diarioregionaldigital.com.br\/index.php?rest_route=\/wp\/v2\/posts"}],"about":[{"href":"https:\/\/diarioregionaldigital.com.br\/index.php?rest_route=\/wp\/v2\/types\/post"}],"author":[{"embeddable":true,"href":"https:\/\/diarioregionaldigital.com.br\/index.php?rest_route=\/wp\/v2\/users\/96"}],"replies":[{"embeddable":true,"href":"https:\/\/diarioregionaldigital.com.br\/index.php?rest_route=%2Fwp%2Fv2%2Fcomments&post=107509"}],"version-history":[{"count":0,"href":"https:\/\/diarioregionaldigital.com.br\/index.php?rest_route=\/wp\/v2\/posts\/107509\/revisions"}],"wp:featuredmedia":[{"embeddable":true,"href":"https:\/\/diarioregionaldigital.com.br\/index.php?rest_route=\/wp\/v2\/media\/97342"}],"wp:attachment":[{"href":"https:\/\/diarioregionaldigital.com.br\/index.php?rest_route=%2Fwp%2Fv2%2Fmedia&parent=107509"}],"wp:term":[{"taxonomy":"category","embeddable":true,"href":"https:\/\/diarioregionaldigital.com.br\/index.php?rest_route=%2Fwp%2Fv2%2Fcategories&post=107509"},{"taxonomy":"post_tag","embeddable":true,"href":"https:\/\/diarioregionaldigital.com.br\/index.php?rest_route=%2Fwp%2Fv2%2Ftags&post=107509"}],"curies":[{"name":"wp","href":"https:\/\/api.w.org\/{rel}","templated":true}]}}