{"id":107507,"date":"2018-06-11T08:30:16","date_gmt":"2018-06-11T11:30:16","guid":{"rendered":"http:\/\/diarioregionaljf.com.br\/?p=107507"},"modified":"2018-06-11T08:30:46","modified_gmt":"2018-06-11T11:30:46","slug":"ocupantes-de-imoveis-da-uniao-tem-ate-hoje-para-pagar-taxas","status":"publish","type":"post","link":"https:\/\/diarioregionaldigital.com.br\/?p=107507","title":{"rendered":"Ocupantes de im\u00f3veis da Uni\u00e3o t\u00eam at\u00e9 hoje para pagar taxas"},"content":{"rendered":"<p>Moradores residentes e pessoas respons\u00e1veis por im\u00f3veis da Uni\u00e3o, como casas, apartamentos, pr\u00e9dios e terrenos, t\u00eam at\u00e9 esta segunda-feira, 11, para quitar a cota \u00fanica ou a primeira cota das taxas de ocupa\u00e7\u00e3o e de foro. A previs\u00e3o do Minist\u00e9rio do Planejamento, Desenvolvimento e Gest\u00e3o \u00e9 que 515 mil pessoas em todo o pa\u00eds fa\u00e7am o pagamento das taxas patrimoniais em retribui\u00e7\u00e3o \u00e0 ocupa\u00e7\u00e3o de im\u00f3veis p\u00fablicos. Quem pagar em cota \u00fanica ter\u00e1 direito a um desconto de 10% sobre o valor da taxa. No total, est\u00e3o sendo cobrados R$840 milh\u00f5es em receitas patrimoniais, uma m\u00e9dia de R$1.630 por im\u00f3vel.<\/p>\n<p>Quem optar por pagar de forma parcelada poder\u00e1 faz\u00ea-lo em at\u00e9 sete vezes, sendo que a primeira cota deve ser paga tamb\u00e9m hoje, sem abatimento. Quem escolher pelo parcelamento precisar\u00e1 emitir o Documento de Arrecada\u00e7\u00e3o de Receita Federal (Darf) no endere\u00e7o http:\/\/www.patrimoniodetodos.gov.br\/#\/conteudo\/32. As cotas vencem nesta segunda-feira, nos dias 10 de julho, 10 de agosto, 10 de setembro, 10 de outubro, 12 de novembro e 10 de dezembro deste ano.<\/p>\n<p>Quem perder o prazo ter\u00e1 que pagar multa e juros. A multa por atraso \u00e9 de 0,33% ao dia at\u00e9 o limite de 20%. Tamb\u00e9m incidir\u00e1 sobre o valor em atraso, juros de mora relativo \u00e0 varia\u00e7\u00e3o acumulada da taxa Selic acrescido de 1%.<\/p>\n<p>De acordo com o governo, ocupantes com renda de at\u00e9 cinco sal\u00e1rios m\u00ednimos, com um \u00fanico im\u00f3vel inscrito e utilizado exclusivamente como resid\u00eancia, s\u00e3o isentos do pagamento das taxas, desde que solicitada no site da Secretaria do Patrim\u00f4nio da Uni\u00e3o.<\/p>\n<p>&nbsp;<\/p>\n<p><span style=\"font-size: 12pt;\"><strong>FORO E TAXA<\/strong><\/span><\/p>\n<p>Est\u00e3o obrigados ao pagamento dos foros e taxas de ocupa\u00e7\u00e3o particulares que fa\u00e7am uso de terrenos pertencentes \u00e0 Uni\u00e3o. \u00c9 uma retribui\u00e7\u00e3o pecuni\u00e1ria pelo uso particular de um bem p\u00fablico. A diferen\u00e7a entre taxa de ocupa\u00e7\u00e3o e foro \u00e9 que a taxa de ocupa\u00e7\u00e3o \u00e9 cobrada quando o terreno \u00e9 de propriedade plena da Uni\u00e3o. Essa taxa deve ser paga anualmente e corresponde a 2% do valor do terreno, exclu\u00eddas as benfeitorias. J\u00e1 o foro ocorre quando o particular det\u00e9m 83% da propriedade do terreno (dom\u00ednio \u00fatil) e a Uni\u00e3o det\u00e9m os restantes 17%. A taxa de foro corresponde a 0,6% do valor do terreno, exclu\u00eddas as benfeitorias.<\/p>\n<p>&nbsp;<\/p>\n<p>Fonte: Ag\u00eancia Brasil<\/p>\n","protected":false},"excerpt":{"rendered":"<p>Moradores residentes e pessoas respons\u00e1veis por im\u00f3veis da Uni\u00e3o, como casas, apartamentos, pr\u00e9dios e terrenos, t\u00eam at\u00e9 esta segunda-feira, 11, para quitar a cota \u00fanica ou a primeira cota das taxas de ocupa\u00e7\u00e3o e de foro. A previs\u00e3o do Minist\u00e9rio do Planejamento, Desenvolvimento e Gest\u00e3o \u00e9 que 515 mil pessoas em todo o pa\u00eds fa\u00e7am [&hellip;]<\/p>\n","protected":false},"author":96,"featured_media":97709,"comment_status":"closed","ping_status":"closed","sticky":false,"template":"","format":"standard","meta":{"footnotes":""},"categories":[302,439],"tags":[],"class_list":["post-107507","post","type-post","status-publish","format-standard","has-post-thumbnail","hentry","category-brasil-mundo","category-ultima-hora"],"_links":{"self":[{"href":"https:\/\/diarioregionaldigital.com.br\/index.php?rest_route=\/wp\/v2\/posts\/107507","targetHints":{"allow":["GET"]}}],"collection":[{"href":"https:\/\/diarioregionaldigital.com.br\/index.php?rest_route=\/wp\/v2\/posts"}],"about":[{"href":"https:\/\/diarioregionaldigital.com.br\/index.php?rest_route=\/wp\/v2\/types\/post"}],"author":[{"embeddable":true,"href":"https:\/\/diarioregionaldigital.com.br\/index.php?rest_route=\/wp\/v2\/users\/96"}],"replies":[{"embeddable":true,"href":"https:\/\/diarioregionaldigital.com.br\/index.php?rest_route=%2Fwp%2Fv2%2Fcomments&post=107507"}],"version-history":[{"count":0,"href":"https:\/\/diarioregionaldigital.com.br\/index.php?rest_route=\/wp\/v2\/posts\/107507\/revisions"}],"wp:featuredmedia":[{"embeddable":true,"href":"https:\/\/diarioregionaldigital.com.br\/index.php?rest_route=\/wp\/v2\/media\/97709"}],"wp:attachment":[{"href":"https:\/\/diarioregionaldigital.com.br\/index.php?rest_route=%2Fwp%2Fv2%2Fmedia&parent=107507"}],"wp:term":[{"taxonomy":"category","embeddable":true,"href":"https:\/\/diarioregionaldigital.com.br\/index.php?rest_route=%2Fwp%2Fv2%2Fcategories&post=107507"},{"taxonomy":"post_tag","embeddable":true,"href":"https:\/\/diarioregionaldigital.com.br\/index.php?rest_route=%2Fwp%2Fv2%2Ftags&post=107507"}],"curies":[{"name":"wp","href":"https:\/\/api.w.org\/{rel}","templated":true}]}}