{"id":107505,"date":"2018-06-11T08:11:22","date_gmt":"2018-06-11T11:11:22","guid":{"rendered":"http:\/\/diarioregionaljf.com.br\/?p=107505"},"modified":"2018-06-11T08:12:09","modified_gmt":"2018-06-11T11:12:09","slug":"dois-sao-presos-por-assalto-no-centro","status":"publish","type":"post","link":"https:\/\/diarioregionaldigital.com.br\/?p=107505","title":{"rendered":"Dois s\u00e3o presos por assalto no Centro"},"content":{"rendered":"<p>Dois jovens, de 18 e 23 anos, foram presos ap\u00f3s assaltar um homem de 40 anos na Avenida Presidente Itamar Franco, regi\u00e3o central de Juiz de Fora, na manh\u00e3 desse domingo, 10.<\/p>\n<p>Conforme o Boletim de Ocorr\u00eancia (BO) da Pol\u00edcia Militar (PM), componentes de uma guarni\u00e7\u00e3o faziam patrulhamento pela regi\u00e3o quando receberam informa\u00e7\u00f5es, via centro de opera\u00e7\u00f5es, de que momentos antes havia ocorrido um roubo nas imedia\u00e7\u00f5es.<\/p>\n<p>Iniciado rastreamento, os militares se depararam com a v\u00edtima. O homem declarou ter sido abordado por dois indiv\u00edduos, que simulando estar armados determinaram que ele entregasse sua mochila. A dupla fugiu levando R$62.<\/p>\n<p>Ap\u00f3s buscas, os militares localizaram os autores, que foram reconhecidos pela v\u00edtima. A dupla foi presa em flagrante e o material roubado foi recuperado. Os assaltantes foram conduzidos a presen\u00e7a da autoridade de pol\u00edcia judici\u00e1ria para as demais provid\u00eancias.<\/p>\n","protected":false},"excerpt":{"rendered":"<p>Dois jovens, de 18 e 23 anos, foram presos ap\u00f3s assaltar um homem de 40 anos na Avenida Presidente Itamar Franco, regi\u00e3o central de Juiz de Fora, na manh\u00e3 desse domingo, 10. Conforme o Boletim de Ocorr\u00eancia (BO) da Pol\u00edcia Militar (PM), componentes de uma guarni\u00e7\u00e3o faziam patrulhamento pela regi\u00e3o quando receberam informa\u00e7\u00f5es, via centro [&hellip;]<\/p>\n","protected":false},"author":96,"featured_media":95836,"comment_status":"closed","ping_status":"closed","sticky":false,"template":"","format":"standard","meta":{"footnotes":""},"categories":[301,439],"tags":[],"class_list":["post-107505","post","type-post","status-publish","format-standard","has-post-thumbnail","hentry","category-artigos-policiais","category-ultima-hora"],"_links":{"self":[{"href":"https:\/\/diarioregionaldigital.com.br\/index.php?rest_route=\/wp\/v2\/posts\/107505","targetHints":{"allow":["GET"]}}],"collection":[{"href":"https:\/\/diarioregionaldigital.com.br\/index.php?rest_route=\/wp\/v2\/posts"}],"about":[{"href":"https:\/\/diarioregionaldigital.com.br\/index.php?rest_route=\/wp\/v2\/types\/post"}],"author":[{"embeddable":true,"href":"https:\/\/diarioregionaldigital.com.br\/index.php?rest_route=\/wp\/v2\/users\/96"}],"replies":[{"embeddable":true,"href":"https:\/\/diarioregionaldigital.com.br\/index.php?rest_route=%2Fwp%2Fv2%2Fcomments&post=107505"}],"version-history":[{"count":0,"href":"https:\/\/diarioregionaldigital.com.br\/index.php?rest_route=\/wp\/v2\/posts\/107505\/revisions"}],"wp:featuredmedia":[{"embeddable":true,"href":"https:\/\/diarioregionaldigital.com.br\/index.php?rest_route=\/wp\/v2\/media\/95836"}],"wp:attachment":[{"href":"https:\/\/diarioregionaldigital.com.br\/index.php?rest_route=%2Fwp%2Fv2%2Fmedia&parent=107505"}],"wp:term":[{"taxonomy":"category","embeddable":true,"href":"https:\/\/diarioregionaldigital.com.br\/index.php?rest_route=%2Fwp%2Fv2%2Fcategories&post=107505"},{"taxonomy":"post_tag","embeddable":true,"href":"https:\/\/diarioregionaldigital.com.br\/index.php?rest_route=%2Fwp%2Fv2%2Ftags&post=107505"}],"curies":[{"name":"wp","href":"https:\/\/api.w.org\/{rel}","templated":true}]}}