{"id":107503,"date":"2018-06-11T07:57:36","date_gmt":"2018-06-11T10:57:36","guid":{"rendered":"http:\/\/diarioregionaljf.com.br\/?p=107503"},"modified":"2018-06-11T07:57:53","modified_gmt":"2018-06-11T10:57:53","slug":"pm-registra-tiros-e-apreende-revolver-na-zona-leste","status":"publish","type":"post","link":"https:\/\/diarioregionaldigital.com.br\/?p=107503","title":{"rendered":"PM registra tiros e apreende rev\u00f3lver na zona Leste"},"content":{"rendered":"<p>A Pol\u00edcia Militar (PM) apreendeu um rev\u00f3lver calibre .38 na Rua Professora Concei\u00e7\u00e3o Pereira, no bairro Parque Serra Verde, zona Leste da cidade, na tarde desse domingo, 10.<\/p>\n<p>De acordo com o registro da ocorr\u00eancia, uma guarni\u00e7\u00e3o compareceu ao local ap\u00f3s ser informada por populares de que disparos de arma de fogo haviam sido disparados no bairro.<\/p>\n<p>Conforme a PM, com a chegada dos militares no referido endere\u00e7o alguns suspeitos fugiram, deixando no ch\u00e3o o rev\u00f3lver calibre .38, de fabrica\u00e7\u00e3o artesanal.<\/p>\n","protected":false},"excerpt":{"rendered":"<p>A Pol\u00edcia Militar (PM) apreendeu um rev\u00f3lver calibre .38 na Rua Professora Concei\u00e7\u00e3o Pereira, no bairro Parque Serra Verde, zona Leste da cidade, na tarde desse domingo, 10. De acordo com o registro da ocorr\u00eancia, uma guarni\u00e7\u00e3o compareceu ao local ap\u00f3s ser informada por populares de que disparos de arma de fogo haviam sido disparados [&hellip;]<\/p>\n","protected":false},"author":96,"featured_media":95836,"comment_status":"closed","ping_status":"closed","sticky":false,"template":"","format":"standard","meta":{"footnotes":""},"categories":[301,439],"tags":[],"class_list":["post-107503","post","type-post","status-publish","format-standard","has-post-thumbnail","hentry","category-artigos-policiais","category-ultima-hora"],"_links":{"self":[{"href":"https:\/\/diarioregionaldigital.com.br\/index.php?rest_route=\/wp\/v2\/posts\/107503","targetHints":{"allow":["GET"]}}],"collection":[{"href":"https:\/\/diarioregionaldigital.com.br\/index.php?rest_route=\/wp\/v2\/posts"}],"about":[{"href":"https:\/\/diarioregionaldigital.com.br\/index.php?rest_route=\/wp\/v2\/types\/post"}],"author":[{"embeddable":true,"href":"https:\/\/diarioregionaldigital.com.br\/index.php?rest_route=\/wp\/v2\/users\/96"}],"replies":[{"embeddable":true,"href":"https:\/\/diarioregionaldigital.com.br\/index.php?rest_route=%2Fwp%2Fv2%2Fcomments&post=107503"}],"version-history":[{"count":0,"href":"https:\/\/diarioregionaldigital.com.br\/index.php?rest_route=\/wp\/v2\/posts\/107503\/revisions"}],"wp:featuredmedia":[{"embeddable":true,"href":"https:\/\/diarioregionaldigital.com.br\/index.php?rest_route=\/wp\/v2\/media\/95836"}],"wp:attachment":[{"href":"https:\/\/diarioregionaldigital.com.br\/index.php?rest_route=%2Fwp%2Fv2%2Fmedia&parent=107503"}],"wp:term":[{"taxonomy":"category","embeddable":true,"href":"https:\/\/diarioregionaldigital.com.br\/index.php?rest_route=%2Fwp%2Fv2%2Fcategories&post=107503"},{"taxonomy":"post_tag","embeddable":true,"href":"https:\/\/diarioregionaldigital.com.br\/index.php?rest_route=%2Fwp%2Fv2%2Ftags&post=107503"}],"curies":[{"name":"wp","href":"https:\/\/api.w.org\/{rel}","templated":true}]}}