{"id":107501,"date":"2018-06-11T07:45:10","date_gmt":"2018-06-11T10:45:10","guid":{"rendered":"http:\/\/diarioregionaljf.com.br\/?p=107501"},"modified":"2018-06-11T07:45:24","modified_gmt":"2018-06-11T10:45:24","slug":"trio-agride-adolescente-durante-assalto-no-poco-rico","status":"publish","type":"post","link":"https:\/\/diarioregionaldigital.com.br\/?p=107501","title":{"rendered":"Trio agride adolescente durante assalto no Po\u00e7o Rico"},"content":{"rendered":"<p>Um adolescente de 15 anos foi agredido por tr\u00eas indiv\u00edduos durante um assalto no bairro Po\u00e7o Rico, regi\u00e3o Sudeste da cidade, na tarde desse domingo, 10. Os tr\u00eas autores, um rapaz da mesma idade da v\u00edtima e dois jovens de 18 e 22 anos, foram detidos.<\/p>\n<p>O menor relatou que \u00e0 Pol\u00edcia Militar (PM) que transitava pela Rua da Bahia quando foi abordado pelo trio. Afirmando estar armados, os assaltantes exigiram o celular da v\u00edtima.<\/p>\n<p>Diante da recusa do adolescente em entregar o aparelho, um dos autores tentou estrangul\u00e1-lo e outro desferiu um soco em seu abd\u00f4men. Em seguida, um dos assaltantes puxou a mochila da v\u00edtima e fugiu em sentido \u00e0 Avenida Brasil.<\/p>\n<p>Um dos autores foi detido por populares e os demais foram abordados por uma guarni\u00e7\u00e3o da PM. Os tr\u00eas foram detidos em flagrante e conduzidos \u00e0 delegacia.<\/p>\n","protected":false},"excerpt":{"rendered":"<p>Um adolescente de 15 anos foi agredido por tr\u00eas indiv\u00edduos durante um assalto no bairro Po\u00e7o Rico, regi\u00e3o Sudeste da cidade, na tarde desse domingo, 10. Os tr\u00eas autores, um rapaz da mesma idade da v\u00edtima e dois jovens de 18 e 22 anos, foram detidos. O menor relatou que \u00e0 Pol\u00edcia Militar (PM) que [&hellip;]<\/p>\n","protected":false},"author":96,"featured_media":95836,"comment_status":"closed","ping_status":"closed","sticky":false,"template":"","format":"standard","meta":{"footnotes":""},"categories":[301,439],"tags":[],"class_list":["post-107501","post","type-post","status-publish","format-standard","has-post-thumbnail","hentry","category-artigos-policiais","category-ultima-hora"],"_links":{"self":[{"href":"https:\/\/diarioregionaldigital.com.br\/index.php?rest_route=\/wp\/v2\/posts\/107501","targetHints":{"allow":["GET"]}}],"collection":[{"href":"https:\/\/diarioregionaldigital.com.br\/index.php?rest_route=\/wp\/v2\/posts"}],"about":[{"href":"https:\/\/diarioregionaldigital.com.br\/index.php?rest_route=\/wp\/v2\/types\/post"}],"author":[{"embeddable":true,"href":"https:\/\/diarioregionaldigital.com.br\/index.php?rest_route=\/wp\/v2\/users\/96"}],"replies":[{"embeddable":true,"href":"https:\/\/diarioregionaldigital.com.br\/index.php?rest_route=%2Fwp%2Fv2%2Fcomments&post=107501"}],"version-history":[{"count":0,"href":"https:\/\/diarioregionaldigital.com.br\/index.php?rest_route=\/wp\/v2\/posts\/107501\/revisions"}],"wp:featuredmedia":[{"embeddable":true,"href":"https:\/\/diarioregionaldigital.com.br\/index.php?rest_route=\/wp\/v2\/media\/95836"}],"wp:attachment":[{"href":"https:\/\/diarioregionaldigital.com.br\/index.php?rest_route=%2Fwp%2Fv2%2Fmedia&parent=107501"}],"wp:term":[{"taxonomy":"category","embeddable":true,"href":"https:\/\/diarioregionaldigital.com.br\/index.php?rest_route=%2Fwp%2Fv2%2Fcategories&post=107501"},{"taxonomy":"post_tag","embeddable":true,"href":"https:\/\/diarioregionaldigital.com.br\/index.php?rest_route=%2Fwp%2Fv2%2Ftags&post=107501"}],"curies":[{"name":"wp","href":"https:\/\/api.w.org\/{rel}","templated":true}]}}