{"id":107499,"date":"2018-06-11T07:31:10","date_gmt":"2018-06-11T10:31:10","guid":{"rendered":"http:\/\/diarioregionaljf.com.br\/?p=107499"},"modified":"2018-06-11T07:31:30","modified_gmt":"2018-06-11T10:31:30","slug":"presidente-eleito-do-paraguai-visita-o-brasil","status":"publish","type":"post","link":"https:\/\/diarioregionaldigital.com.br\/?p=107499","title":{"rendered":"Presidente eleito do Paraguai visita o Brasil"},"content":{"rendered":"<p>O presidente eleito do Paraguai, Mario Abdo Ben\u00edtez,se re\u00fane hoje, 11, \u00e0s 11h45, em Bras\u00edlia, com o presidente Michel Temer. A vinda ao Brasil \u00e9 a primeira viagem internacional de Ben\u00edtez depois de vencer as elei\u00e7\u00f5es de abril. Temer e Ben\u00edtez v\u00e3o conversar sobre temas da agenda de integra\u00e7\u00e3o bilateral e dos planos regional e internacional.<\/p>\n<p>A visita de Ben\u00edtez ao Brasil \u00e9 de cortesia e n\u00e3o de Estado, uma vez que ele ainda n\u00e3o assumiu a presid\u00eancia do pa\u00eds vizinho. Abdo toma posse no dia 15 de agosto para um mandato de cinco anos. As elei\u00e7\u00f5es no Paraguai ocorreram em 22 de abril, quando Mario Abdo obteve 46,49% dos votos, e o segundo colocado, Efra\u00edn Alegre, conquistou 42,73%. A diferen\u00e7a foi de pouco mais de 95 mil votos.<\/p>\n<p>A pol\u00eamica mais recente envolvendo o Paraguai foi a inaugura\u00e7\u00e3o da embaixada do pa\u00eds em Jerusal\u00e9m. Sob o comando de Horacio Cartes, que deixa a presid\u00eancia em breve, o pa\u00eds foi o terceiro a adotar a medida, depois dos Estados Unidos e da Guatemala.<\/p>\n<p>&nbsp;<\/p>\n<p><span style=\"font-size: 12pt;\"><strong>HIST\u00d3RICO<\/strong><\/span><\/p>\n<p>Empres\u00e1rio do ramo de marketing, Abdo foi alvo de cr\u00edticas durante a campanha eleitoral por causa da rela\u00e7\u00e3o do pai dele com a ditadura militar de Alfredo Stroessner. Mario Abdo, o pai do presidente eleito, foi secret\u00e1rio particular de Stroessner.<\/p>\n<p>O presidente eleito chegou a afirmar que Stroessner fez muito pelo pa\u00eds, acrescentando que discorda das acusa\u00e7\u00f5es de viola\u00e7\u00e3o dos direitos humanos, tortura e persegui\u00e7\u00e3o cometidos durante o regime militar.<\/p>\n<p>Stroessner cumpriu sete mandatos consecutivos como presidente do Paraguai. Chefe do Ex\u00e9rcito, ele foi apontado como respons\u00e1vel por v\u00e1rios crimes de viola\u00e7\u00f5es de direitos humanos enquanto esteve no poder. Morreu em Bras\u00edlia, em 2006.<\/p>\n<p>&nbsp;<\/p>\n<p>Fonte: Ag\u00eancia Brasil<\/p>\n","protected":false},"excerpt":{"rendered":"<p>O presidente eleito do Paraguai, Mario Abdo Ben\u00edtez,se re\u00fane hoje, 11, \u00e0s 11h45, em Bras\u00edlia, com o presidente Michel Temer. A vinda ao Brasil \u00e9 a primeira viagem internacional de Ben\u00edtez depois de vencer as elei\u00e7\u00f5es de abril. Temer e Ben\u00edtez v\u00e3o conversar sobre temas da agenda de integra\u00e7\u00e3o bilateral e dos planos regional e [&hellip;]<\/p>\n","protected":false},"author":96,"featured_media":97343,"comment_status":"closed","ping_status":"closed","sticky":false,"template":"","format":"standard","meta":{"footnotes":""},"categories":[254,439],"tags":[],"class_list":["post-107499","post","type-post","status-publish","format-standard","has-post-thumbnail","hentry","category-politica","category-ultima-hora"],"_links":{"self":[{"href":"https:\/\/diarioregionaldigital.com.br\/index.php?rest_route=\/wp\/v2\/posts\/107499","targetHints":{"allow":["GET"]}}],"collection":[{"href":"https:\/\/diarioregionaldigital.com.br\/index.php?rest_route=\/wp\/v2\/posts"}],"about":[{"href":"https:\/\/diarioregionaldigital.com.br\/index.php?rest_route=\/wp\/v2\/types\/post"}],"author":[{"embeddable":true,"href":"https:\/\/diarioregionaldigital.com.br\/index.php?rest_route=\/wp\/v2\/users\/96"}],"replies":[{"embeddable":true,"href":"https:\/\/diarioregionaldigital.com.br\/index.php?rest_route=%2Fwp%2Fv2%2Fcomments&post=107499"}],"version-history":[{"count":0,"href":"https:\/\/diarioregionaldigital.com.br\/index.php?rest_route=\/wp\/v2\/posts\/107499\/revisions"}],"wp:featuredmedia":[{"embeddable":true,"href":"https:\/\/diarioregionaldigital.com.br\/index.php?rest_route=\/wp\/v2\/media\/97343"}],"wp:attachment":[{"href":"https:\/\/diarioregionaldigital.com.br\/index.php?rest_route=%2Fwp%2Fv2%2Fmedia&parent=107499"}],"wp:term":[{"taxonomy":"category","embeddable":true,"href":"https:\/\/diarioregionaldigital.com.br\/index.php?rest_route=%2Fwp%2Fv2%2Fcategories&post=107499"},{"taxonomy":"post_tag","embeddable":true,"href":"https:\/\/diarioregionaldigital.com.br\/index.php?rest_route=%2Fwp%2Fv2%2Ftags&post=107499"}],"curies":[{"name":"wp","href":"https:\/\/api.w.org\/{rel}","templated":true}]}}