{"id":107490,"date":"2018-06-11T01:53:11","date_gmt":"2018-06-11T04:53:11","guid":{"rendered":"http:\/\/diarioregionaljf.com.br\/?p=107490"},"modified":"2018-06-11T01:53:11","modified_gmt":"2018-06-11T04:53:11","slug":"vinicius-jr-se-emociona-com-despedida-do-maracana-e-flamengo-continua-lider-isolado","status":"publish","type":"post","link":"https:\/\/diarioregionaldigital.com.br\/?p=107490","title":{"rendered":"Vinicius Jr. se emociona com despedida  do Maracan\u00e3 e Flamengo continua l\u00edder isolado"},"content":{"rendered":"<p>O Flamengo venceu o Paran\u00e1 na noite de domingo, 10, por 2 a 0, \u00a0no Maracan\u00e3, diante de quase 60 mil pessoas. Al\u00e9m de prestigiar o l\u00edder isolado do Campeonato brasileiro, a torcida Rubro-Negra compareceu em peso para se despedir de duas jovens estrelas da base que muito provavelmente fizeram sua \u00faltima partida em casa pelo clube.<\/p>\n<p>Vin\u00edcius Jr., negociado com o\u00a0 <strong>Real Madrid<\/strong>\u00a0no ano passado, e Felipe Vizeu, vendido para a Udinese, da It\u00e1lia, devem se apresentar em seus novos clubes para a pr\u00e9-temporada europeia, e n\u00e3o atuar\u00e3o mais pelo Flamengo ap\u00f3s a parada para a\u00a0 <strong>Copa d Mundo<\/strong>. A \u00faltima partida de ambos pelo clube deve ser na pr\u00f3xima quarta-feira, 13, contra o <strong>Palmeiras<\/strong>, em S\u00e3o Paulo.<\/p>\n<p>Vin\u00edcius Jr. ainda n\u00e3o tem sua sa\u00edda confirmada, mas tudo indica que o clube espanhol vai exigir sua presen\u00e7a em Madri. Maior revela\u00e7\u00e3o da base do clube nos \u00faltimos anos, ele foi o principal motivo da festa nas arquibancadas, de onde vieram os gritos de \u2018fica\u2019 ao final da partida.<\/p>\n<p>O jovem de 18 anos n\u00e3o resistiu e foi \u00e0s l\u00e1grimas: \u201c\u00c9 o clube que sempre me ajudou, me tirou de S\u00e3o Gon\u00e7alo, me deu uma vida melhor, cuidaram de mim. S\u00f3 tenho que agradecer a todos que me ajudaram desde que cheguei ao Flamengo. O Noval, que est\u00e1 pedindo muito para eu ficar, mas n\u00e3o \u00e9 comigo, n\u00e3o sou eu que decido. Momento dif\u00edcil, estou onde sempre sonhei, hoje posso estar me despedindo da maior torcida do mundo, ao lado da minha fam\u00edlia, amigos, todo mundo presente. S\u00f3 quero agradecer. N\u00e3o imaginava estrear no profissional t\u00e3o cedo, e com 17 anos posso sair para jogar no Real Madrid,\u201d disse emocionado na sa\u00edda do gramado.<\/p>\n<p>Em sua entrevista coletiva, o t\u00e9cnico Maur\u00edcio Barbieri comentou sobre a situa\u00e7\u00e3o do atacante: \u201cNo vesti\u00e1rio o papo foi de agradecimento, mas n\u00e3o em um tom de despedida, mas de quanto ele tem ajudado a gente. Conversamos para que ele ajude a gente na quarta ainda, depois o Flamengo ainda vai tentar ver o que pode ser feito,\u201d afirmou o treinador, que ainda tem esperan\u00e7a de contar com o jogador at\u00e9 o final do ano.<\/p>\n<p>\u201cN\u00e3o foi a \u00faltima partida dele pelo Flamengo. Tem o jogo contra o Palmeiras. A gente sabe que pode ser que isso mude, mas \u00e9 jogador do Flamengo ainda. O sentimento no vesti\u00e1rio foi de alegria,\u201d completou.<\/p>\n<p>Flamengo volta a campo nesta quarta-feira, 13, pela 12\u00aa rodada do brasileir\u00e3o, contra o Palmeiras, \u00e1s 21h, na Arena Palmeiras.<\/p>\n<p>&nbsp;<\/p>\n<p><strong>Fonte: Gazetapress<\/strong><\/p>\n","protected":false},"excerpt":{"rendered":"<p>O Flamengo venceu o Paran\u00e1 na noite de domingo, 10, por 2 a 0, \u00a0no Maracan\u00e3, diante de quase 60 mil pessoas. Al\u00e9m de prestigiar o l\u00edder isolado do Campeonato brasileiro, a torcida Rubro-Negra compareceu em peso para se despedir de duas jovens estrelas da base que muito provavelmente fizeram sua \u00faltima partida em casa [&hellip;]<\/p>\n","protected":false},"author":96,"featured_media":107491,"comment_status":"closed","ping_status":"closed","sticky":false,"template":"","format":"standard","meta":{"footnotes":""},"categories":[257,439],"tags":[],"class_list":["post-107490","post","type-post","status-publish","format-standard","has-post-thumbnail","hentry","category-esporte","category-ultima-hora"],"_links":{"self":[{"href":"https:\/\/diarioregionaldigital.com.br\/index.php?rest_route=\/wp\/v2\/posts\/107490","targetHints":{"allow":["GET"]}}],"collection":[{"href":"https:\/\/diarioregionaldigital.com.br\/index.php?rest_route=\/wp\/v2\/posts"}],"about":[{"href":"https:\/\/diarioregionaldigital.com.br\/index.php?rest_route=\/wp\/v2\/types\/post"}],"author":[{"embeddable":true,"href":"https:\/\/diarioregionaldigital.com.br\/index.php?rest_route=\/wp\/v2\/users\/96"}],"replies":[{"embeddable":true,"href":"https:\/\/diarioregionaldigital.com.br\/index.php?rest_route=%2Fwp%2Fv2%2Fcomments&post=107490"}],"version-history":[{"count":0,"href":"https:\/\/diarioregionaldigital.com.br\/index.php?rest_route=\/wp\/v2\/posts\/107490\/revisions"}],"wp:featuredmedia":[{"embeddable":true,"href":"https:\/\/diarioregionaldigital.com.br\/index.php?rest_route=\/wp\/v2\/media\/107491"}],"wp:attachment":[{"href":"https:\/\/diarioregionaldigital.com.br\/index.php?rest_route=%2Fwp%2Fv2%2Fmedia&parent=107490"}],"wp:term":[{"taxonomy":"category","embeddable":true,"href":"https:\/\/diarioregionaldigital.com.br\/index.php?rest_route=%2Fwp%2Fv2%2Fcategories&post=107490"},{"taxonomy":"post_tag","embeddable":true,"href":"https:\/\/diarioregionaldigital.com.br\/index.php?rest_route=%2Fwp%2Fv2%2Ftags&post=107490"}],"curies":[{"name":"wp","href":"https:\/\/api.w.org\/{rel}","templated":true}]}}