{"id":107484,"date":"2018-06-11T01:47:17","date_gmt":"2018-06-11T04:47:17","guid":{"rendered":"http:\/\/diarioregionaljf.com.br\/?p=107484"},"modified":"2018-06-11T01:47:17","modified_gmt":"2018-06-11T04:47:17","slug":"tupi-goleia-o-ypiranga-e-sai-da-zona-de-rebaixamento","status":"publish","type":"post","link":"https:\/\/diarioregionaldigital.com.br\/?p=107484","title":{"rendered":"Tupi goleia o Ypiranga  e sai da Zona de rebaixamento"},"content":{"rendered":"<p>Com autoridade mandante,\u00a0 o Tupi venceu, neste s\u00e1bado, 9,\u00a0 o ga\u00facho Ypiranga com um placar de\u00a0 4 a 1 e escapou da zona de rebaixamento da S\u00e9rie C.<\/p>\n<p>O placar no tempo regulamentar foi garantido com dois gols de Patrick, um de Sidimar e outro de Jo\u00e3o Victor. Paulinho diminuiu para a equipe de Erechim. O Tupi ainda teve a oportunidade de fazer o quinto com gol de p\u00eanalti, mas Diego Lu\u00eds pegou mal na bola e desperdi\u00e7ou a chance, com goleiro pegando o p\u00eanalti.<\/p>\n<p>O pr\u00f3ximo compromisso do Tupi ser\u00e1 s\u00e1bado, 16, em Tombos, contra a Tombense, \u00e1s 18h,\u00a0 j\u00e1 valendo pela primeira rodada do returno. O Carij\u00f3 ter\u00e1 o desfalque de Paulinho, que levou o terceiro cart\u00e3o amarelo.<\/p>\n<p>&nbsp;<\/p>\n","protected":false},"excerpt":{"rendered":"<p>Com autoridade mandante,\u00a0 o Tupi venceu, neste s\u00e1bado, 9,\u00a0 o ga\u00facho Ypiranga com um placar de\u00a0 4 a 1 e escapou da zona de rebaixamento da S\u00e9rie C. O placar no tempo regulamentar foi garantido com dois gols de Patrick, um de Sidimar e outro de Jo\u00e3o Victor. Paulinho diminuiu para a equipe de Erechim. [&hellip;]<\/p>\n","protected":false},"author":96,"featured_media":107485,"comment_status":"closed","ping_status":"closed","sticky":false,"template":"","format":"standard","meta":{"footnotes":""},"categories":[257,439],"tags":[],"class_list":["post-107484","post","type-post","status-publish","format-standard","has-post-thumbnail","hentry","category-esporte","category-ultima-hora"],"_links":{"self":[{"href":"https:\/\/diarioregionaldigital.com.br\/index.php?rest_route=\/wp\/v2\/posts\/107484","targetHints":{"allow":["GET"]}}],"collection":[{"href":"https:\/\/diarioregionaldigital.com.br\/index.php?rest_route=\/wp\/v2\/posts"}],"about":[{"href":"https:\/\/diarioregionaldigital.com.br\/index.php?rest_route=\/wp\/v2\/types\/post"}],"author":[{"embeddable":true,"href":"https:\/\/diarioregionaldigital.com.br\/index.php?rest_route=\/wp\/v2\/users\/96"}],"replies":[{"embeddable":true,"href":"https:\/\/diarioregionaldigital.com.br\/index.php?rest_route=%2Fwp%2Fv2%2Fcomments&post=107484"}],"version-history":[{"count":0,"href":"https:\/\/diarioregionaldigital.com.br\/index.php?rest_route=\/wp\/v2\/posts\/107484\/revisions"}],"wp:featuredmedia":[{"embeddable":true,"href":"https:\/\/diarioregionaldigital.com.br\/index.php?rest_route=\/wp\/v2\/media\/107485"}],"wp:attachment":[{"href":"https:\/\/diarioregionaldigital.com.br\/index.php?rest_route=%2Fwp%2Fv2%2Fmedia&parent=107484"}],"wp:term":[{"taxonomy":"category","embeddable":true,"href":"https:\/\/diarioregionaldigital.com.br\/index.php?rest_route=%2Fwp%2Fv2%2Fcategories&post=107484"},{"taxonomy":"post_tag","embeddable":true,"href":"https:\/\/diarioregionaldigital.com.br\/index.php?rest_route=%2Fwp%2Fv2%2Ftags&post=107484"}],"curies":[{"name":"wp","href":"https:\/\/api.w.org\/{rel}","templated":true}]}}