{"id":107469,"date":"2018-06-09T14:25:10","date_gmt":"2018-06-09T17:25:10","guid":{"rendered":"http:\/\/diarioregionaljf.com.br\/?p=107469"},"modified":"2018-06-09T14:25:10","modified_gmt":"2018-06-09T17:25:10","slug":"bruno-siqueira-oficializa-pre-candidatura-ao-senado-federal","status":"publish","type":"post","link":"https:\/\/diarioregionaldigital.com.br\/?p=107469","title":{"rendered":"Bruno Siqueira oficializa pr\u00e9-candidatura ao Senado Federal"},"content":{"rendered":"<p>O ex-prefeito de Juiz de Fora, Bruno Siqueira, oficializou nesse s\u00e1bado, 9, o lan\u00e7amento da sua pr\u00e9-candidatura ao Senado Federal. O an\u00fancio foi realizado durante o Encontro Regional do MDB-MG que reuniu diversos lideres pol\u00edticos da regi\u00e3o e do munic\u00edpio, o vice-governador e presidente estadual da legenda, Ant\u00f4nio Andrade, e o pr\u00e9-candidato \u00e0 presid\u00eancia da Rep\u00fablica e ex-ministro da Fazenda, Henrique Meirelles, em Juiz de Fora.<\/p>\n<p>De acordo com Bruno Siqueira, o mote de sua campanha e de seu futuro trabalho no Senado, caso ven\u00e7a as elei\u00e7\u00f5es, ser\u00e1 reavaliar o pacto federativo para que mais recursos cheguem aos munic\u00edpios mineiros. \u201cHoje, os recursos est\u00e3o concentrados em Bras\u00edlia e em Belo Horizonte e n\u00e3o chegam para as cidades como deveriam. Eu, por exemplo, para fazer o maior volume de obras nas \u00faltimas d\u00e9cadas em Juiz de Fora tive que ir v\u00e1rias vezes a Bras\u00edlia e a Belo Horizonte para conseguir esses recursos. Para que a gente possa melhorar isso, \u00e9 necess\u00e1rio que a gente mude essa realidade, por exemplo, do pacto federativo\u201d, afirmou o pr\u00e9-candidato do MDB.<\/p>\n<p>Al\u00e9m de ter sido chefe do Executivo municipal, Bruno tamb\u00e9m foi vereador e deputado estadual, o que, segundo ele, lhe deu experi\u00eancia para defender uma nova distribui\u00e7\u00e3o dos recursos. \u201cO fato de ter sido o prefeito de uma das cidades mais importantes do nosso Estado me deu experi\u00eancia necess\u00e1ria pra trabalhar nesse contexto. Contexto de estar no Legislativo e fazer que os recursos cheguem de forma transparente, correta e honesta para as prefeituras e conseq\u00fcentemente melhorar os servi\u00e7os para os cidad\u00e3os, principalmente pra aquelas pessoas que necessitam do Poder P\u00fablico\u201d, ressaltou.<\/p>\n<div id=\"attachment_107474\" style=\"width: 3466px\" class=\"wp-caption alignnone\"><img loading=\"lazy\" decoding=\"async\" aria-describedby=\"caption-attachment-107474\" class=\"size-full wp-image-107474\" src=\"http:\/\/diarioregionaljf.com.br\/wp-content\/uploads\/2018\/06\/mdb-4.jpg\" alt=\"\" width=\"3456\" height=\"2304\" srcset=\"https:\/\/diarioregionaldigital.com.br\/wp-content\/uploads\/2018\/06\/mdb-4.jpg 3456w, https:\/\/diarioregionaldigital.com.br\/wp-content\/uploads\/2018\/06\/mdb-4-300x200.jpg 300w, https:\/\/diarioregionaldigital.com.br\/wp-content\/uploads\/2018\/06\/mdb-4-768x512.jpg 768w, https:\/\/diarioregionaldigital.com.br\/wp-content\/uploads\/2018\/06\/mdb-4-1024x683.jpg 1024w, https:\/\/diarioregionaldigital.com.br\/wp-content\/uploads\/2018\/06\/mdb-4-360x240.jpg 360w\" sizes=\"auto, (max-width: 3456px) 100vw, 3456px\" \/><p id=\"caption-attachment-107474\" class=\"wp-caption-text\">Encontro Regional do MDB-MG reuniu lideres pol\u00edticos da regi\u00e3o e do munic\u00edpio em Juiz de Fora. Foto: Rafaela Frutuoso<\/p><\/div>\n<p><strong>CEN\u00c1RIO NACIONAL<\/strong><\/p>\n<p>Em conversa com os jornalistas, o ex-ministro da Fazenda, Henrique Meirelles, pontuou que o seu nome \u00e9 forte dentro do partido, se consolidando como o preferido a disputar as elei\u00e7\u00f5es presidenciais em outubro. \u201cEm primeiro lugar, n\u00f3s temos uma hist\u00f3ria para mostrar e n\u00e3o s\u00e3o apenas promessas e palavras vazias. Entramos no governo e o pa\u00eds vivia uma crise enorme, 14 milh\u00f5es de desempregados e tiramos o Brasil da recess\u00e3o e ele voltou a crescer\u201d, ponderou.<\/p>\n<p>Meirelles ainda apontou que pr\u00e9-candidatos extremistas t\u00eam causado um desconforto no mercado. \u201cExiste certa perturba\u00e7\u00e3o no mercado e \u00e9 exatamente em fun\u00e7\u00e3o do risco que representa para o pa\u00eds determinados candidatos extremistas que podem levar o pa\u00eds de volta a crise. Eles fazem propostas de divis\u00e3o, de colocar um brasileiro contra o outro. Por isso, temos que ser firmes e n\u00e3o permitir\u201d, ressaltou o pr\u00e9-candidato a presid\u00eancia.<\/p>\n<p>O ex-ministro segue confiante em sua vit\u00f3ria para o Pal\u00e1cio do Planalto. \u201cN\u00f3s temos todas as condi\u00e7\u00f5es para ganhar. O MDB \u00e9 um partido forte, um partido que quando se mobiliza tem uma capacidade eleitoral e pol\u00edtica grande\u201d, falou Meirelles. \u201cTemos o melhor plano para o pa\u00eds. O Brasil estava na maior recess\u00e3o da hist\u00f3ria e conseguimos tir\u00e1-lo. Agora, a quest\u00e3o \u00e9 dar continuidade, n\u00e3o podemos parar de crescer e voltar para tr\u00e1s, pois isso seria um desastre para o povo brasileiro\u201d, acrescentou.<\/p>\n<p>Com este olhar de continuidade, Meirelles enxerga o seu poss\u00edvel governo como extens\u00e3o ao do atual presidente, Michel Temer. \u201cSeria certamente uma continua\u00e7\u00e3o da reformas, desse movimento de revitaliza\u00e7\u00e3o e moderniza\u00e7\u00e3o do pa\u00eds. Ser\u00e1 um governo de crescimento, de progresso, de cria\u00e7\u00e3o de emprego, controle da infla\u00e7\u00e3o, de recursos para sa\u00fade, educa\u00e7\u00e3o e seguran\u00e7a. Temos planos concretos para todas essas \u00e1reas, e mais que isso, j\u00e1 temos trabalhos realizados\u201d, finalizou.<\/p>\n<p>Para a confirma\u00e7\u00e3o dos nomes como concorrentes aos cargos, \u00e9 necess\u00e1rio aguardar as conven\u00e7\u00f5es partid\u00e1rias.<\/p>\n<p>&nbsp;<\/p>\n<p>&nbsp;<\/p>\n<p>&nbsp;<\/p>\n","protected":false},"excerpt":{"rendered":"<p>O ex-prefeito de Juiz de Fora, Bruno Siqueira, oficializou nesse s\u00e1bado, 9, o lan\u00e7amento da sua pr\u00e9-candidatura ao Senado Federal. O an\u00fancio foi realizado durante o Encontro Regional do MDB-MG que reuniu diversos lideres pol\u00edticos da regi\u00e3o e do munic\u00edpio, o vice-governador e presidente estadual da legenda, Ant\u00f4nio Andrade, e o pr\u00e9-candidato \u00e0 presid\u00eancia da [&hellip;]<\/p>\n","protected":false},"author":96,"featured_media":107475,"comment_status":"closed","ping_status":"closed","sticky":false,"template":"","format":"standard","meta":{"footnotes":""},"categories":[440,254,439],"tags":[],"class_list":["post-107469","post","type-post","status-publish","format-standard","has-post-thumbnail","hentry","category-destaques-do-dia","category-politica","category-ultima-hora"],"_links":{"self":[{"href":"https:\/\/diarioregionaldigital.com.br\/index.php?rest_route=\/wp\/v2\/posts\/107469","targetHints":{"allow":["GET"]}}],"collection":[{"href":"https:\/\/diarioregionaldigital.com.br\/index.php?rest_route=\/wp\/v2\/posts"}],"about":[{"href":"https:\/\/diarioregionaldigital.com.br\/index.php?rest_route=\/wp\/v2\/types\/post"}],"author":[{"embeddable":true,"href":"https:\/\/diarioregionaldigital.com.br\/index.php?rest_route=\/wp\/v2\/users\/96"}],"replies":[{"embeddable":true,"href":"https:\/\/diarioregionaldigital.com.br\/index.php?rest_route=%2Fwp%2Fv2%2Fcomments&post=107469"}],"version-history":[{"count":0,"href":"https:\/\/diarioregionaldigital.com.br\/index.php?rest_route=\/wp\/v2\/posts\/107469\/revisions"}],"wp:featuredmedia":[{"embeddable":true,"href":"https:\/\/diarioregionaldigital.com.br\/index.php?rest_route=\/wp\/v2\/media\/107475"}],"wp:attachment":[{"href":"https:\/\/diarioregionaldigital.com.br\/index.php?rest_route=%2Fwp%2Fv2%2Fmedia&parent=107469"}],"wp:term":[{"taxonomy":"category","embeddable":true,"href":"https:\/\/diarioregionaldigital.com.br\/index.php?rest_route=%2Fwp%2Fv2%2Fcategories&post=107469"},{"taxonomy":"post_tag","embeddable":true,"href":"https:\/\/diarioregionaldigital.com.br\/index.php?rest_route=%2Fwp%2Fv2%2Ftags&post=107469"}],"curies":[{"name":"wp","href":"https:\/\/api.w.org\/{rel}","templated":true}]}}