{"id":107461,"date":"2018-06-09T12:43:55","date_gmt":"2018-06-09T15:43:55","guid":{"rendered":"http:\/\/diarioregionaljf.com.br\/?p=107461"},"modified":"2018-06-09T12:44:26","modified_gmt":"2018-06-09T15:44:26","slug":"homem-e-detido-apos-bater-bmw-em-arvore-no-bairro-sao-francisco","status":"publish","type":"post","link":"https:\/\/diarioregionaldigital.com.br\/?p=107461","title":{"rendered":"Homem \u00e9 detido ap\u00f3s bater BMW em \u00e1rvore no bairro S\u00e3o Francisco"},"content":{"rendered":"<p>Acionados pelo n\u00famero 190, militares compareceram ao bairro S\u00e3o Francisco em Muria\u00e9 na madrugada deste s\u00e1bado, 9, onde testemunhas relataram que escutaram um barulho muito alto. Quando chegaram para olhar o que havia acontecido, encontraram um ve\u00edculo de luxo da marca BMW, que subiu na cal\u00e7ada e bateu contra uma \u00e1rvore.<\/p>\n\n\t\t<style type=\"text\/css\">\n\t\t\t#gallery-1 {\n\t\t\t\tmargin: auto;\n\t\t\t}\n\t\t\t#gallery-1 .gallery-item {\n\t\t\t\tfloat: left;\n\t\t\t\tmargin-top: 10px;\n\t\t\t\ttext-align: center;\n\t\t\t\twidth: 100%;\n\t\t\t}\n\t\t\t#gallery-1 img {\n\t\t\t\tborder: 2px solid #cfcfcf;\n\t\t\t}\n\t\t\t#gallery-1 .gallery-caption {\n\t\t\t\tmargin-left: 0;\n\t\t\t}\n\t\t\t\/* see gallery_shortcode() in wp-includes\/media.php *\/\n\t\t<\/style>\n\t\t<div id='gallery-1' class='gallery galleryid-107461 gallery-columns-1 gallery-size-full'><dl class='gallery-item'>\n\t\t\t<dt class='gallery-icon landscape'>\n\t\t\t\t<img loading=\"lazy\" decoding=\"async\" width=\"700\" height=\"525\" src=\"https:\/\/diarioregionaldigital.com.br\/wp-content\/uploads\/2018\/06\/acidentemuriaee.jpg\" class=\"attachment-full size-full\" alt=\"\" aria-describedby=\"gallery-1-107462\" srcset=\"https:\/\/diarioregionaldigital.com.br\/wp-content\/uploads\/2018\/06\/acidentemuriaee.jpg 700w, https:\/\/diarioregionaldigital.com.br\/wp-content\/uploads\/2018\/06\/acidentemuriaee-300x225.jpg 300w, https:\/\/diarioregionaldigital.com.br\/wp-content\/uploads\/2018\/06\/acidentemuriaee-360x270.jpg 360w\" sizes=\"auto, (max-width: 700px) 100vw, 700px\" \/>\n\t\t\t<\/dt>\n\t\t\t\t<dd class='wp-caption-text gallery-caption' id='gallery-1-107462'>\n\t\t\t\tFotos: Divulga\u00e7\u00e3o\n\t\t\t\t<\/dd><\/dl><br style=\"clear: both\" \/><dl class='gallery-item'>\n\t\t\t<dt class='gallery-icon landscape'>\n\t\t\t\t<img loading=\"lazy\" decoding=\"async\" width=\"700\" height=\"525\" src=\"https:\/\/diarioregionaldigital.com.br\/wp-content\/uploads\/2018\/06\/acidentemuriaeee.jpg\" class=\"attachment-full size-full\" alt=\"\" aria-describedby=\"gallery-1-107463\" srcset=\"https:\/\/diarioregionaldigital.com.br\/wp-content\/uploads\/2018\/06\/acidentemuriaeee.jpg 700w, https:\/\/diarioregionaldigital.com.br\/wp-content\/uploads\/2018\/06\/acidentemuriaeee-300x225.jpg 300w, https:\/\/diarioregionaldigital.com.br\/wp-content\/uploads\/2018\/06\/acidentemuriaeee-360x270.jpg 360w\" sizes=\"auto, (max-width: 700px) 100vw, 700px\" \/>\n\t\t\t<\/dt>\n\t\t\t\t<dd class='wp-caption-text gallery-caption' id='gallery-1-107463'>\n\t\t\t\tFotos: Divulga\u00e7\u00e3o\n\t\t\t\t<\/dd><\/dl><br style=\"clear: both\" \/>\n\t\t<\/div>\n\n<p>Tr\u00eas pessoas estavam no ve\u00edculo atordoadas. Antes da chegada da PM, os ocupantes fugiram do local. Com as informa\u00e7\u00f5es das testemunhas, os militares chegaram at\u00e9 o condutor que estava em casa e j\u00e1 tinha at\u00e9 tomado banho. O mesmo foi levado para a delegacia para ser apresentado ao delegado de plant\u00e3o para as devidas presta\u00e7\u00f5es de esclarecimento sobre o ocorrido.<\/p>\n<p>&nbsp;<\/p>\n<p>Fonte: Colabora\u00e7\u00e3o R\u00e1dio Muria\u00e9<\/p>\n","protected":false},"excerpt":{"rendered":"<p>Acionados pelo n\u00famero 190, militares compareceram ao bairro S\u00e3o Francisco em Muria\u00e9 na madrugada deste s\u00e1bado, 9, onde testemunhas relataram que escutaram um barulho muito alto. Quando chegaram para olhar o que havia acontecido, encontraram um ve\u00edculo de luxo da marca BMW, que subiu na cal\u00e7ada e bateu contra uma \u00e1rvore. Tr\u00eas pessoas estavam no [&hellip;]<\/p>\n","protected":false},"author":96,"featured_media":107464,"comment_status":"closed","ping_status":"closed","sticky":false,"template":"","format":"standard","meta":{"footnotes":""},"categories":[252,439],"tags":[],"class_list":["post-107461","post","type-post","status-publish","format-standard","has-post-thumbnail","hentry","category-regiao","category-ultima-hora"],"_links":{"self":[{"href":"https:\/\/diarioregionaldigital.com.br\/index.php?rest_route=\/wp\/v2\/posts\/107461","targetHints":{"allow":["GET"]}}],"collection":[{"href":"https:\/\/diarioregionaldigital.com.br\/index.php?rest_route=\/wp\/v2\/posts"}],"about":[{"href":"https:\/\/diarioregionaldigital.com.br\/index.php?rest_route=\/wp\/v2\/types\/post"}],"author":[{"embeddable":true,"href":"https:\/\/diarioregionaldigital.com.br\/index.php?rest_route=\/wp\/v2\/users\/96"}],"replies":[{"embeddable":true,"href":"https:\/\/diarioregionaldigital.com.br\/index.php?rest_route=%2Fwp%2Fv2%2Fcomments&post=107461"}],"version-history":[{"count":0,"href":"https:\/\/diarioregionaldigital.com.br\/index.php?rest_route=\/wp\/v2\/posts\/107461\/revisions"}],"wp:featuredmedia":[{"embeddable":true,"href":"https:\/\/diarioregionaldigital.com.br\/index.php?rest_route=\/wp\/v2\/media\/107464"}],"wp:attachment":[{"href":"https:\/\/diarioregionaldigital.com.br\/index.php?rest_route=%2Fwp%2Fv2%2Fmedia&parent=107461"}],"wp:term":[{"taxonomy":"category","embeddable":true,"href":"https:\/\/diarioregionaldigital.com.br\/index.php?rest_route=%2Fwp%2Fv2%2Fcategories&post=107461"},{"taxonomy":"post_tag","embeddable":true,"href":"https:\/\/diarioregionaldigital.com.br\/index.php?rest_route=%2Fwp%2Fv2%2Ftags&post=107461"}],"curies":[{"name":"wp","href":"https:\/\/api.w.org\/{rel}","templated":true}]}}