{"id":107456,"date":"2018-06-09T12:15:12","date_gmt":"2018-06-09T15:15:12","guid":{"rendered":"http:\/\/diarioregionaljf.com.br\/?p=107456"},"modified":"2018-06-09T12:15:12","modified_gmt":"2018-06-09T15:15:12","slug":"festa-junina-acontece-neste-fim-de-semana-no-santuario-sao-judas-tadeu","status":"publish","type":"post","link":"https:\/\/diarioregionaldigital.com.br\/?p=107456","title":{"rendered":"Festa Junina acontece neste fim de semana no Santu\u00e1rio S\u00e3o Judas Tadeu"},"content":{"rendered":"<p>Entre os dias 8 e 10 de junho, o Santu\u00e1rio S\u00e3o Judas Tadeu, localizado no Bairro Furtado de Menezes, em Juiz de Fora, sedia uma Festa Junina. O evento ter\u00e1 in\u00edcio, todos os dias, \u00e0s 19h, com a Santa Missa.<\/p>\n<p>Ap\u00f3s a celebra\u00e7\u00e3o, todos ser\u00e3o convidados a deliciarem-se com as comidas t\u00edpicas que ser\u00e3o vendidas no local e se divertirem no \u201cforr\u00f3 p\u00e9 de serra\u201d. O Santu\u00e1rio fica na Rua S\u00e3o Judas Tadeu, 59 &#8211; Furtado de Menezes.<\/p>\n<p>&nbsp;<\/p>\n<p><img loading=\"lazy\" decoding=\"async\" class=\"aligncenter size-full wp-image-107457\" src=\"http:\/\/diarioregionaljf.com.br\/wp-content\/uploads\/2018\/06\/festajunina.jpg\" alt=\"\" width=\"678\" height=\"960\" srcset=\"https:\/\/diarioregionaldigital.com.br\/wp-content\/uploads\/2018\/06\/festajunina.jpg 678w, https:\/\/diarioregionaldigital.com.br\/wp-content\/uploads\/2018\/06\/festajunina-212x300.jpg 212w, https:\/\/diarioregionaldigital.com.br\/wp-content\/uploads\/2018\/06\/festajunina-360x510.jpg 360w\" sizes=\"auto, (max-width: 678px) 100vw, 678px\" \/><\/p>\n<p>&nbsp;<\/p>\n<p>Fonte: Assessoria<\/p>\n","protected":false},"excerpt":{"rendered":"<p>Entre os dias 8 e 10 de junho, o Santu\u00e1rio S\u00e3o Judas Tadeu, localizado no Bairro Furtado de Menezes, em Juiz de Fora, sedia uma Festa Junina. O evento ter\u00e1 in\u00edcio, todos os dias, \u00e0s 19h, com a Santa Missa. Ap\u00f3s a celebra\u00e7\u00e3o, todos ser\u00e3o convidados a deliciarem-se com as comidas t\u00edpicas que ser\u00e3o vendidas [&hellip;]<\/p>\n","protected":false},"author":96,"featured_media":107458,"comment_status":"closed","ping_status":"closed","sticky":false,"template":"","format":"standard","meta":{"footnotes":""},"categories":[253,439],"tags":[],"class_list":["post-107456","post","type-post","status-publish","format-standard","has-post-thumbnail","hentry","category-cidade","category-ultima-hora"],"_links":{"self":[{"href":"https:\/\/diarioregionaldigital.com.br\/index.php?rest_route=\/wp\/v2\/posts\/107456","targetHints":{"allow":["GET"]}}],"collection":[{"href":"https:\/\/diarioregionaldigital.com.br\/index.php?rest_route=\/wp\/v2\/posts"}],"about":[{"href":"https:\/\/diarioregionaldigital.com.br\/index.php?rest_route=\/wp\/v2\/types\/post"}],"author":[{"embeddable":true,"href":"https:\/\/diarioregionaldigital.com.br\/index.php?rest_route=\/wp\/v2\/users\/96"}],"replies":[{"embeddable":true,"href":"https:\/\/diarioregionaldigital.com.br\/index.php?rest_route=%2Fwp%2Fv2%2Fcomments&post=107456"}],"version-history":[{"count":0,"href":"https:\/\/diarioregionaldigital.com.br\/index.php?rest_route=\/wp\/v2\/posts\/107456\/revisions"}],"wp:featuredmedia":[{"embeddable":true,"href":"https:\/\/diarioregionaldigital.com.br\/index.php?rest_route=\/wp\/v2\/media\/107458"}],"wp:attachment":[{"href":"https:\/\/diarioregionaldigital.com.br\/index.php?rest_route=%2Fwp%2Fv2%2Fmedia&parent=107456"}],"wp:term":[{"taxonomy":"category","embeddable":true,"href":"https:\/\/diarioregionaldigital.com.br\/index.php?rest_route=%2Fwp%2Fv2%2Fcategories&post=107456"},{"taxonomy":"post_tag","embeddable":true,"href":"https:\/\/diarioregionaldigital.com.br\/index.php?rest_route=%2Fwp%2Fv2%2Ftags&post=107456"}],"curies":[{"name":"wp","href":"https:\/\/api.w.org\/{rel}","templated":true}]}}