{"id":107454,"date":"2018-06-09T11:47:34","date_gmt":"2018-06-09T14:47:34","guid":{"rendered":"http:\/\/diarioregionaljf.com.br\/?p=107454"},"modified":"2018-06-09T11:47:34","modified_gmt":"2018-06-09T14:47:34","slug":"bairro-democrata-recebe-cem-metros-de-novas-redes-de-agua-a-partir-deste-domingo","status":"publish","type":"post","link":"https:\/\/diarioregionaldigital.com.br\/?p=107454","title":{"rendered":"Bairro Democrata recebe cem metros de novas redes de \u00e1gua a partir deste domingo"},"content":{"rendered":"<p>Neste domingo, 10, a Companhia de Saneamento Municipal (Cesama) substituir\u00e1 cem metros da rede de \u00e1gua da Rua Rafael Zacarias, no Bairro Democrata. A obra tem como objetivo refor\u00e7ar o abastecimento na parte alta da via. A previs\u00e3o \u00e9 de que a interven\u00e7\u00e3o seja conclu\u00edda at\u00e9 meados de junho. Para execu\u00e7\u00e3o dos servi\u00e7os ser\u00e1 preciso interromper o abastecimento das 8 \u00e0s 15 horas, o que poder\u00e1 afetar o fornecimento de \u00e1gua na regi\u00e3o. Al\u00e9m disso, durante o domingo, o tr\u00e2nsito na via estar\u00e1 totalmente interditado. Nos demais dias, a interrup\u00e7\u00e3o ser\u00e1 apenas parcial. Assim, a Cesama solicita aos moradores que, se poss\u00edvel, retirem seus ve\u00edculos da garagem antes das 8 horas.<\/p>\n<p>As a\u00e7\u00f5es de remodela\u00e7\u00e3o s\u00e3o realizadas ao longo de todo o ano, seguindo programa\u00e7\u00e3o de prioridades, quando \u00e9 avaliada a necessidade de troca. Esta an\u00e1lise leva em conta a antiguidade e o desgaste do material, o fato de o dimensionamento da tubula\u00e7\u00e3o j\u00e1 n\u00e3o ser compat\u00edvel com o n\u00famero de im\u00f3veis atendidos e os transtornos causados aos usu\u00e1rios do sistema, al\u00e9m dos custos de manuten\u00e7\u00e3o.<\/p>\n<p>&nbsp;<\/p>\n<p>Fonte: Assessoria<\/p>\n","protected":false},"excerpt":{"rendered":"<p>Neste domingo, 10, a Companhia de Saneamento Municipal (Cesama) substituir\u00e1 cem metros da rede de \u00e1gua da Rua Rafael Zacarias, no Bairro Democrata. A obra tem como objetivo refor\u00e7ar o abastecimento na parte alta da via. A previs\u00e3o \u00e9 de que a interven\u00e7\u00e3o seja conclu\u00edda at\u00e9 meados de junho. Para execu\u00e7\u00e3o dos servi\u00e7os ser\u00e1 preciso [&hellip;]<\/p>\n","protected":false},"author":96,"featured_media":105098,"comment_status":"closed","ping_status":"closed","sticky":false,"template":"","format":"standard","meta":{"footnotes":""},"categories":[253,439],"tags":[],"class_list":["post-107454","post","type-post","status-publish","format-standard","has-post-thumbnail","hentry","category-cidade","category-ultima-hora"],"_links":{"self":[{"href":"https:\/\/diarioregionaldigital.com.br\/index.php?rest_route=\/wp\/v2\/posts\/107454","targetHints":{"allow":["GET"]}}],"collection":[{"href":"https:\/\/diarioregionaldigital.com.br\/index.php?rest_route=\/wp\/v2\/posts"}],"about":[{"href":"https:\/\/diarioregionaldigital.com.br\/index.php?rest_route=\/wp\/v2\/types\/post"}],"author":[{"embeddable":true,"href":"https:\/\/diarioregionaldigital.com.br\/index.php?rest_route=\/wp\/v2\/users\/96"}],"replies":[{"embeddable":true,"href":"https:\/\/diarioregionaldigital.com.br\/index.php?rest_route=%2Fwp%2Fv2%2Fcomments&post=107454"}],"version-history":[{"count":0,"href":"https:\/\/diarioregionaldigital.com.br\/index.php?rest_route=\/wp\/v2\/posts\/107454\/revisions"}],"wp:featuredmedia":[{"embeddable":true,"href":"https:\/\/diarioregionaldigital.com.br\/index.php?rest_route=\/wp\/v2\/media\/105098"}],"wp:attachment":[{"href":"https:\/\/diarioregionaldigital.com.br\/index.php?rest_route=%2Fwp%2Fv2%2Fmedia&parent=107454"}],"wp:term":[{"taxonomy":"category","embeddable":true,"href":"https:\/\/diarioregionaldigital.com.br\/index.php?rest_route=%2Fwp%2Fv2%2Fcategories&post=107454"},{"taxonomy":"post_tag","embeddable":true,"href":"https:\/\/diarioregionaldigital.com.br\/index.php?rest_route=%2Fwp%2Fv2%2Ftags&post=107454"}],"curies":[{"name":"wp","href":"https:\/\/api.w.org\/{rel}","templated":true}]}}