{"id":107450,"date":"2018-06-09T11:45:13","date_gmt":"2018-06-09T14:45:13","guid":{"rendered":"http:\/\/diarioregionaljf.com.br\/?p=107450"},"modified":"2018-06-09T11:45:44","modified_gmt":"2018-06-09T14:45:44","slug":"avenida-recebe-placas-educativas-sobre-travessia-de-animais-silvestres","status":"publish","type":"post","link":"https:\/\/diarioregionaldigital.com.br\/?p=107450","title":{"rendered":"Avenida Prefeito Mello Rei recebe placas educativas sobre travessia de animais silvestres"},"content":{"rendered":"<p>Est\u00e3o sendo implantadas na Avenida Prefeito Mello Reis, pr\u00f3ximo ao Parque Natural Municipal da Lajinha, 23 placas preventivas e educativas, direcionadas aos motoristas, visando alertar sobre a incid\u00eancia de poss\u00edveis acidentes e atropelamentos de animais silvestres nesta regi\u00e3o. Al\u00e9m disso, est\u00e1 sendo colocada placa relacionada \u00e0 preven\u00e7\u00e3o de inc\u00eandios florestais, parte do conjunto de a\u00e7\u00f5es ligadas ao projeto de educa\u00e7\u00e3o ambiental iniciado em maio de 2017 nesta unidade de conserva\u00e7\u00e3o.<\/p>\n<p>A iniciativa \u00e9 promovida pelo Instituto Estadual de Florestas (IEF), em parceria com a Secretaria de Meio Ambiente (SMA) da Prefeitura de Juiz de Fora (PJF) e Multim\u00eddia Propaganda. Esta a\u00e7\u00e3o faz parte da programa\u00e7\u00e3o da \u201c8\u00aa Semana Integrada do Meio Ambiente\u201d, organizada pela SMA, Comiss\u00e3o Interinstitucional de Educa\u00e7\u00e3o Ambiental (Ciea &#8211; Polo Juiz de Fora) e IEF.<\/p>\n<p><b>\u201c8\u00aa Semana Integrada do Meio Ambiente\u201d<\/b><\/p>\n<p>A programa\u00e7\u00e3o ter\u00e1 sequ\u00eancia neste s\u00e1bado, 9, quando servidores da SMA montar\u00e3o estande na Feira de Ci\u00eancias do Col\u00e9gio Jesu\u00edtas. No domingo, 10, o Parque da Lajinha ser\u00e1 cen\u00e1rio de diversas atra\u00e7\u00f5es, com performances e viv\u00eancias esportivas, como jud\u00f4, capoeira, gin\u00e1sticas art\u00edstica e r\u00edtmica, zumba e apresenta\u00e7\u00e3o do Coral \u201cMater Verbi dos Meninos Cantores da Academia\u201d. L\u00e1 haver\u00e1 tamb\u00e9m, de manh\u00e3, a \u201c3\u00aa Corrida Mexa-se Pela Vida\u201d e a coloca\u00e7\u00e3o de \u201ctags\u201d (etiquetas, r\u00f3tulos) de identifica\u00e7\u00e3o nas \u00e1rvores do parque, feitos pela Cimo Engenharia. Paralelamente, acontecer\u00e1, at\u00e9 16 de junho, a \u201c16\u00aa Feira de Flores de Holambra\u201d, na Pra\u00e7a da Esta\u00e7\u00e3o. Com entrada franca.<\/p>\n<p>&nbsp;<\/p>\n<p>&nbsp;<\/p>\n<p>Fonte: Ag\u00eancia Brasil<\/p>\n","protected":false},"excerpt":{"rendered":"<p>Est\u00e3o sendo implantadas na Avenida Prefeito Mello Reis, pr\u00f3ximo ao Parque Natural Municipal da Lajinha, 23 placas preventivas e educativas, direcionadas aos motoristas, visando alertar sobre a incid\u00eancia de poss\u00edveis acidentes e atropelamentos de animais silvestres nesta regi\u00e3o. Al\u00e9m disso, est\u00e1 sendo colocada placa relacionada \u00e0 preven\u00e7\u00e3o de inc\u00eandios florestais, parte do conjunto de a\u00e7\u00f5es [&hellip;]<\/p>\n","protected":false},"author":96,"featured_media":107451,"comment_status":"closed","ping_status":"closed","sticky":false,"template":"","format":"standard","meta":{"footnotes":""},"categories":[253,440],"tags":[],"class_list":["post-107450","post","type-post","status-publish","format-standard","has-post-thumbnail","hentry","category-cidade","category-destaques-do-dia"],"_links":{"self":[{"href":"https:\/\/diarioregionaldigital.com.br\/index.php?rest_route=\/wp\/v2\/posts\/107450","targetHints":{"allow":["GET"]}}],"collection":[{"href":"https:\/\/diarioregionaldigital.com.br\/index.php?rest_route=\/wp\/v2\/posts"}],"about":[{"href":"https:\/\/diarioregionaldigital.com.br\/index.php?rest_route=\/wp\/v2\/types\/post"}],"author":[{"embeddable":true,"href":"https:\/\/diarioregionaldigital.com.br\/index.php?rest_route=\/wp\/v2\/users\/96"}],"replies":[{"embeddable":true,"href":"https:\/\/diarioregionaldigital.com.br\/index.php?rest_route=%2Fwp%2Fv2%2Fcomments&post=107450"}],"version-history":[{"count":0,"href":"https:\/\/diarioregionaldigital.com.br\/index.php?rest_route=\/wp\/v2\/posts\/107450\/revisions"}],"wp:featuredmedia":[{"embeddable":true,"href":"https:\/\/diarioregionaldigital.com.br\/index.php?rest_route=\/wp\/v2\/media\/107451"}],"wp:attachment":[{"href":"https:\/\/diarioregionaldigital.com.br\/index.php?rest_route=%2Fwp%2Fv2%2Fmedia&parent=107450"}],"wp:term":[{"taxonomy":"category","embeddable":true,"href":"https:\/\/diarioregionaldigital.com.br\/index.php?rest_route=%2Fwp%2Fv2%2Fcategories&post=107450"},{"taxonomy":"post_tag","embeddable":true,"href":"https:\/\/diarioregionaldigital.com.br\/index.php?rest_route=%2Fwp%2Fv2%2Ftags&post=107450"}],"curies":[{"name":"wp","href":"https:\/\/api.w.org\/{rel}","templated":true}]}}