{"id":107446,"date":"2018-06-09T11:38:59","date_gmt":"2018-06-09T14:38:59","guid":{"rendered":"http:\/\/diarioregionaljf.com.br\/?p=107446"},"modified":"2018-06-09T11:38:59","modified_gmt":"2018-06-09T14:38:59","slug":"museu-recebe-quarta-edicao-da-caminhada-pela-vida-no-proximo-dia-17","status":"publish","type":"post","link":"https:\/\/diarioregionaldigital.com.br\/?p=107446","title":{"rendered":"Museu recebe quarta edi\u00e7\u00e3o da &#8220;Caminhada pela Vida&#8221; no pr\u00f3ximo dia 17"},"content":{"rendered":"<p>Assim como nas edi\u00e7\u00f5es anteriores, a campanha &#8220;Caminhada pela Vida&#8221; ser\u00e1 realizada no parque do Museu \u201cMariano Proc\u00f3pio\u201d. A atividade, programada para o pr\u00f3ximo dia 17, \u00e0s 9h30, faz parte das a\u00e7\u00f5es que celebram o \u201cDia Mundial do Doador Volunt\u00e1rio de Sangue\u201d, comemorado em 14 de junho. A iniciativa, promovida pela Funda\u00e7\u00e3o Hemominas, conta com a parceria do projeto &#8220;Bem Comum&#8221;, da Prefeitura de Juiz de Fora (PJF) e Funda\u00e7\u00e3o Museu \u201cMariano Proc\u00f3pio\u201d, dentre outras.<\/p>\n<p>O objetivo da a\u00e7\u00e3o \u00e9 conscientizar as pessoas sobre a import\u00e2ncia da doa\u00e7\u00e3o de sangue, bem como colocar esse tema em pauta, o que contribui para despertar na popula\u00e7\u00e3o o interesse por este gesto solid\u00e1rio. Para participar \u00e9 necess\u00e1rio realizar inscri\u00e7\u00e3o at\u00e9 o dia 14, atrav\u00e9s dos telefones 3257-3171, 3117 ou 3171. A concentra\u00e7\u00e3o ser\u00e1 no estande do evento, ao lado da cantina do parque do museu.<\/p>\n<p>Segundo a chefe de Capta\u00e7\u00e3o e Cadastro de Doadores da Funda\u00e7\u00e3o, Lidiane Moura, para garantir o atendimento tranquilo dos pacientes que precisam de sangue, o Hemocentro precisa que 160 candidatos a doadores compare\u00e7am \u00e0 institui\u00e7\u00e3o todos os dias, o que \u00e9 um grande desafio. A Hemominas de Juiz de Fora atende a 27 cidades da regi\u00e3o, o que corresponde a 57 hospitais, al\u00e9m da demanda interna, ou seja, os pacientes que precisam receber sangue sem necessidade da interna\u00e7\u00e3o. \u00c9 poss\u00edvel agendar a doa\u00e7\u00e3o e obter informa\u00e7\u00f5es pelo telefone 155.<\/p>\n<p>&nbsp;<\/p>\n<p>Fonte: Assessoria<\/p>\n","protected":false},"excerpt":{"rendered":"<p>Assim como nas edi\u00e7\u00f5es anteriores, a campanha &#8220;Caminhada pela Vida&#8221; ser\u00e1 realizada no parque do Museu \u201cMariano Proc\u00f3pio\u201d. A atividade, programada para o pr\u00f3ximo dia 17, \u00e0s 9h30, faz parte das a\u00e7\u00f5es que celebram o \u201cDia Mundial do Doador Volunt\u00e1rio de Sangue\u201d, comemorado em 14 de junho. A iniciativa, promovida pela Funda\u00e7\u00e3o Hemominas, conta com [&hellip;]<\/p>\n","protected":false},"author":96,"featured_media":107447,"comment_status":"closed","ping_status":"closed","sticky":false,"template":"","format":"standard","meta":{"footnotes":""},"categories":[253,440],"tags":[],"class_list":["post-107446","post","type-post","status-publish","format-standard","has-post-thumbnail","hentry","category-cidade","category-destaques-do-dia"],"_links":{"self":[{"href":"https:\/\/diarioregionaldigital.com.br\/index.php?rest_route=\/wp\/v2\/posts\/107446","targetHints":{"allow":["GET"]}}],"collection":[{"href":"https:\/\/diarioregionaldigital.com.br\/index.php?rest_route=\/wp\/v2\/posts"}],"about":[{"href":"https:\/\/diarioregionaldigital.com.br\/index.php?rest_route=\/wp\/v2\/types\/post"}],"author":[{"embeddable":true,"href":"https:\/\/diarioregionaldigital.com.br\/index.php?rest_route=\/wp\/v2\/users\/96"}],"replies":[{"embeddable":true,"href":"https:\/\/diarioregionaldigital.com.br\/index.php?rest_route=%2Fwp%2Fv2%2Fcomments&post=107446"}],"version-history":[{"count":0,"href":"https:\/\/diarioregionaldigital.com.br\/index.php?rest_route=\/wp\/v2\/posts\/107446\/revisions"}],"wp:featuredmedia":[{"embeddable":true,"href":"https:\/\/diarioregionaldigital.com.br\/index.php?rest_route=\/wp\/v2\/media\/107447"}],"wp:attachment":[{"href":"https:\/\/diarioregionaldigital.com.br\/index.php?rest_route=%2Fwp%2Fv2%2Fmedia&parent=107446"}],"wp:term":[{"taxonomy":"category","embeddable":true,"href":"https:\/\/diarioregionaldigital.com.br\/index.php?rest_route=%2Fwp%2Fv2%2Fcategories&post=107446"},{"taxonomy":"post_tag","embeddable":true,"href":"https:\/\/diarioregionaldigital.com.br\/index.php?rest_route=%2Fwp%2Fv2%2Ftags&post=107446"}],"curies":[{"name":"wp","href":"https:\/\/api.w.org\/{rel}","templated":true}]}}