{"id":107435,"date":"2018-06-09T10:31:56","date_gmt":"2018-06-09T13:31:56","guid":{"rendered":"http:\/\/diarioregionaljf.com.br\/?p=107435"},"modified":"2018-06-09T10:39:41","modified_gmt":"2018-06-09T13:39:41","slug":"cabral-usou-r20-milhoes-de-verba-de-campanha-para-fins-pessoais","status":"publish","type":"post","link":"https:\/\/diarioregionaldigital.com.br\/?p=107435","title":{"rendered":"Cabral usou R$20 milh\u00f5es de verba de campanha para fins pessoais"},"content":{"rendered":"<p>O ex-governador do Rio de Janeiro, S\u00e9rgio Cabral, admitiu nessa sexta-feira, 8, em depoimento ao juiz federal Marcelo Bretas que, entre 2007 e 2016, usou cerca de R$20 milh\u00f5es de verba de campanhas eleitorais para fins pessoais. Ap\u00f3s a confiss\u00e3o, ele foi questionado pelo magistrado se teria interesse de se desfazer de bens pessoais para ressarcir danos e reparar erros e Cabral respondeu afirmativamente.<\/p>\n<p>O assunto foi retomado ao fim da audi\u00eancia com o advogado de defesa Rodrigo Rocca que buscou esclarecimentos. Bretas disse que, caso o ressarcimento ocorra, o montante ser\u00e1 destinado aos cofres do estado ou da Uni\u00e3o.<\/p>\n<p>Assim como em outras ocasi\u00f5es, Cabral admitiu envolvimento em esquemas de caixa 2 e acrescentou que a movimenta\u00e7\u00e3o de recursos de doa\u00e7\u00f5es eleitorais teria sido da ordem de R$500 milh\u00f5es ao longo de aproximadamente 15 anos.<\/p>\n<p>&#8220;O modelo [de financiamento de campanha] era esse. Eu n\u00e3o inventei. Ele existia antes de mim. (&#8230;) Eu pedia dinheiro de campanha e era muito dinheiro sim. Porque eu n\u00e3o era respons\u00e1vel s\u00f3 pela minha campanha. E, de uma maneira vaidosa, quis eleger prefeitos, vereadores&#8221;, disse. Ele, no entanto, n\u00e3o quis nomear demais pol\u00edticos beneficiados com os recursos arrecadados.<\/p>\n<h2>Lamentou excessos<\/h2>\n<p>O ex-governador disse ter se perdido diante de tanto poder e lamentou os excessos. Cabral negou, por\u00e9m, ter solicitado propina a empreiteiras ou a outras empresas. &#8220;Nunca pedi sobrepre\u00e7o em obra. Nunca pedi a um empres\u00e1rio que inclu\u00edsse um percentual qualquer em nenhuma obra ou servi\u00e7o do meu governo&#8221;.<\/p>\n<p>O depoimento ocorreu dentro de uma das a\u00e7\u00f5es movidas pelo Minist\u00e9rio P\u00fablico Federal (MPF) a partir das investiga\u00e7\u00f5es da Opera\u00e7\u00e3o Efici\u00eancia, que por sua vez \u00e9 um dos desdobramentos da Opera\u00e7\u00e3o Lava Jato no Rio de Janeiro. Neste processo, investiga-se a oculta\u00e7\u00e3o e lavagem de dinheiro de recursos recebidos supostamente como propina no per\u00edodo em que Cabral foi governador.<\/p>\n<p>Tamb\u00e9m figuram como r\u00e9us Wilson Carlos, S\u00e9rgio de Castro Oliveira e Carlos Miranda, apontados como operadores de esquemas de corrup\u00e7\u00e3o, e os irm\u00e3os Marcelo Chebar e Renato Chebar, doleiros que teriam dissimulado o dinheiro obtido de forma ilegal.<\/p>\n<h2>Propina<\/h2>\n<p>Parte da den\u00fancia se baseia nas declara\u00e7\u00f5es de Carlos Miranda, que fechou acordo de dela\u00e7\u00e3o premiada e alega ter movimentado recursos de propina. Cabral afirma ser mentira. Segundo ele, Carlos Miranda era um administrador pessoal que tamb\u00e9m participava das campanhas, mas n\u00e3o do governo. Por essa raz\u00e3o, n\u00e3o teria conhecimento da origem dos recursos que movimentava e nem teria condi\u00e7\u00f5es de dizer que era propina.<\/p>\n<p>Questionado pelo juiz Marcelo Bretas se as reformas em im\u00f3veis seus e da ex-mulher n\u00e3o seriam verba de propina, Cabral disse terem sido realizadas com sobras de campanha. Ele isentou Wilson Carlos e S\u00e9rgio de Castro de participa\u00e7\u00e3o em atos il\u00edcitos e disse que eles n\u00e3o foram beneficiados pelos recursos.<\/p>\n<h2>Reagendado<\/h2>\n<p>Inicialmente, o interrogat\u00f3rio havia sido marcado para 27 de fevereiro, quando Cabral estava preso em Curitiba. Na ocasi\u00e3o, a audi\u00eancia ocorreu por videoconfer\u00eancia e o ex-governador optou por se manter em sil\u00eancio. Com a\u00a0<a href=\"http:\/\/agenciabrasil.ebc.com.br\/politica\/noticia\/2018-04\/transferido-de-curitiba-para-o-rio-cabral-e-levado-para-unidade-em-bangu\" target=\"_blank\" rel=\"noopener\">autoriza\u00e7\u00e3o de sua transfer\u00eancia<\/a>\u00a0de volta ao Rio de Janeiro, os advogados pediram que ele fosse reinterrogado.<\/p>\n<p>Cabral \u00e9 r\u00e9u em mais de 20 processos que se desdobraram da Opera\u00e7\u00e3o Lava Jato. Em cinco, ele foi condenado em primeira inst\u00e2ncia a penas que somam 100 anos de pris\u00e3o. No m\u00eas passado, uma dessas condena\u00e7\u00f5es, de 14 anos e 2 meses, foi\u00a0<a href=\"http:\/\/agenciabrasil.ebc.com.br\/justica\/noticia\/2018-05\/trf4-mantem-condenacao-de-sergio-cabral\" target=\"_blank\" rel=\"noopener\">mantida em segunda inst\u00e2ncia<\/a>.<\/p>\n<p>O ex-governador est\u00e1 cumprindo pena no Complexo Penitenci\u00e1rio de Gericin\u00f3, em Bangu, na zona oeste do Rio de Janeiro. Ontem (7), o MPF apresentou\u00a0<a href=\"http:\/\/agenciabrasil.ebc.com.br\/politica\/noticia\/2018-06\/mpf-denuncia-cabral-e-mais-61-investigados-na-operacao-cambio-desligo\" target=\"_blank\" rel=\"noopener\">mais um den\u00fancia<\/a>\u00a0contra Cabral.<\/p>\n<p>&nbsp;<\/p>\n<p>Fonte: Ag\u00eancia Brasil<\/p>\n","protected":false},"excerpt":{"rendered":"<p>O ex-governador do Rio de Janeiro, S\u00e9rgio Cabral, admitiu nessa sexta-feira, 8, em depoimento ao juiz federal Marcelo Bretas que, entre 2007 e 2016, usou cerca de R$20 milh\u00f5es de verba de campanhas eleitorais para fins pessoais. Ap\u00f3s a confiss\u00e3o, ele foi questionado pelo magistrado se teria interesse de se desfazer de bens pessoais para [&hellip;]<\/p>\n","protected":false},"author":96,"featured_media":107436,"comment_status":"closed","ping_status":"closed","sticky":false,"template":"","format":"standard","meta":{"footnotes":""},"categories":[436,254,439],"tags":[],"class_list":["post-107435","post","type-post","status-publish","format-standard","has-post-thumbnail","hentry","category-destaque-da-semana","category-politica","category-ultima-hora"],"_links":{"self":[{"href":"https:\/\/diarioregionaldigital.com.br\/index.php?rest_route=\/wp\/v2\/posts\/107435","targetHints":{"allow":["GET"]}}],"collection":[{"href":"https:\/\/diarioregionaldigital.com.br\/index.php?rest_route=\/wp\/v2\/posts"}],"about":[{"href":"https:\/\/diarioregionaldigital.com.br\/index.php?rest_route=\/wp\/v2\/types\/post"}],"author":[{"embeddable":true,"href":"https:\/\/diarioregionaldigital.com.br\/index.php?rest_route=\/wp\/v2\/users\/96"}],"replies":[{"embeddable":true,"href":"https:\/\/diarioregionaldigital.com.br\/index.php?rest_route=%2Fwp%2Fv2%2Fcomments&post=107435"}],"version-history":[{"count":0,"href":"https:\/\/diarioregionaldigital.com.br\/index.php?rest_route=\/wp\/v2\/posts\/107435\/revisions"}],"wp:featuredmedia":[{"embeddable":true,"href":"https:\/\/diarioregionaldigital.com.br\/index.php?rest_route=\/wp\/v2\/media\/107436"}],"wp:attachment":[{"href":"https:\/\/diarioregionaldigital.com.br\/index.php?rest_route=%2Fwp%2Fv2%2Fmedia&parent=107435"}],"wp:term":[{"taxonomy":"category","embeddable":true,"href":"https:\/\/diarioregionaldigital.com.br\/index.php?rest_route=%2Fwp%2Fv2%2Fcategories&post=107435"},{"taxonomy":"post_tag","embeddable":true,"href":"https:\/\/diarioregionaldigital.com.br\/index.php?rest_route=%2Fwp%2Fv2%2Ftags&post=107435"}],"curies":[{"name":"wp","href":"https:\/\/api.w.org\/{rel}","templated":true}]}}