{"id":107424,"date":"2018-06-08T19:42:09","date_gmt":"2018-06-08T22:42:09","guid":{"rendered":"http:\/\/diarioregionaljf.com.br\/?p=107424"},"modified":"2018-06-08T19:42:32","modified_gmt":"2018-06-08T22:42:32","slug":"policia-civil-prende-traficante-de-armas-que-atuava-em-jf-e-regiao","status":"publish","type":"post","link":"https:\/\/diarioregionaldigital.com.br\/?p=107424","title":{"rendered":"Pol\u00edcia Civil prende traficante de armas que atuava em JF e regi\u00e3o"},"content":{"rendered":"<p>A Pol\u00edcia Civil de Minas Gerais atrav\u00e9s do 4\u00b0Departamento de Pol\u00edcia Civil, pela DRPC de Juiz de Fora-MG, atrav\u00e9s da Delegacia Especializada Antidrogas prendeu o maior traficante de armas da regi\u00e3o de Juiz de Fora-MG.<\/p>\n<p>&nbsp;<\/p>\n<p>O homem de 25 anos foi preso pelos policiais da unidade no centro de Juiz de Fora. Os policiais receberam informa\u00e7\u00f5es de que o indiv\u00edduo teria uma mandado de pris\u00e3o expedido em seu desfavor e realizaram sua captura nesta tarde.<\/p>\n<p>&nbsp;<\/p>\n<p>O autor j\u00e1 foi alvo de diversas investiga\u00e7\u00f5es por parte da especializada. O criminoso fazia frequentes viagens para o Paraguai, oportunidades em que colocava armas e muni\u00e7\u00f5es no tanque de combust\u00edvel de autom\u00f3veis. Tais objetos eram vendidos em Juiz de Fora e regi\u00e3o para diversos outros criminosos, usadas em roubos, homic\u00eddios e outros crimes violentos.<\/p>\n<p>&nbsp;<\/p>\n<p>Em dezembro de 2017, ele foi preso pela PRF no oeste do Paran\u00e1, quando retornava pra a zona da mata mineira transportando no tanque de combust\u00edvel do ve\u00edculo 4 pistolas e vasta quantidade de muni\u00e7\u00f5es.<\/p>\n<p>&nbsp;<\/p>\n<p>O Delegado titular da DEA\/DENARC ressaltou a import\u00e2ncia da pris\u00e3o de tal indiv\u00edduo, pois o com\u00e9rcio de armas na cidade impacta diretamente na estat\u00edstica de crimes violentos.<\/p>\n<p>&nbsp;<\/p>\n<p>Fonte: Assessoria<\/p>\n","protected":false},"excerpt":{"rendered":"<p>A Pol\u00edcia Civil de Minas Gerais atrav\u00e9s do 4\u00b0Departamento de Pol\u00edcia Civil, pela DRPC de Juiz de Fora-MG, atrav\u00e9s da Delegacia Especializada Antidrogas prendeu o maior traficante de armas da regi\u00e3o de Juiz de Fora-MG. &nbsp; O homem de 25 anos foi preso pelos policiais da unidade no centro de Juiz de Fora. Os policiais [&hellip;]<\/p>\n","protected":false},"author":96,"featured_media":107425,"comment_status":"closed","ping_status":"closed","sticky":false,"template":"","format":"standard","meta":{"footnotes":""},"categories":[253,440,439],"tags":[],"class_list":["post-107424","post","type-post","status-publish","format-standard","has-post-thumbnail","hentry","category-cidade","category-destaques-do-dia","category-ultima-hora"],"_links":{"self":[{"href":"https:\/\/diarioregionaldigital.com.br\/index.php?rest_route=\/wp\/v2\/posts\/107424","targetHints":{"allow":["GET"]}}],"collection":[{"href":"https:\/\/diarioregionaldigital.com.br\/index.php?rest_route=\/wp\/v2\/posts"}],"about":[{"href":"https:\/\/diarioregionaldigital.com.br\/index.php?rest_route=\/wp\/v2\/types\/post"}],"author":[{"embeddable":true,"href":"https:\/\/diarioregionaldigital.com.br\/index.php?rest_route=\/wp\/v2\/users\/96"}],"replies":[{"embeddable":true,"href":"https:\/\/diarioregionaldigital.com.br\/index.php?rest_route=%2Fwp%2Fv2%2Fcomments&post=107424"}],"version-history":[{"count":0,"href":"https:\/\/diarioregionaldigital.com.br\/index.php?rest_route=\/wp\/v2\/posts\/107424\/revisions"}],"wp:featuredmedia":[{"embeddable":true,"href":"https:\/\/diarioregionaldigital.com.br\/index.php?rest_route=\/wp\/v2\/media\/107425"}],"wp:attachment":[{"href":"https:\/\/diarioregionaldigital.com.br\/index.php?rest_route=%2Fwp%2Fv2%2Fmedia&parent=107424"}],"wp:term":[{"taxonomy":"category","embeddable":true,"href":"https:\/\/diarioregionaldigital.com.br\/index.php?rest_route=%2Fwp%2Fv2%2Fcategories&post=107424"},{"taxonomy":"post_tag","embeddable":true,"href":"https:\/\/diarioregionaldigital.com.br\/index.php?rest_route=%2Fwp%2Fv2%2Ftags&post=107424"}],"curies":[{"name":"wp","href":"https:\/\/api.w.org\/{rel}","templated":true}]}}