{"id":107404,"date":"2018-06-08T18:59:50","date_gmt":"2018-06-08T21:59:50","guid":{"rendered":"http:\/\/diarioregionaljf.com.br\/?p=107404"},"modified":"2018-06-08T18:59:50","modified_gmt":"2018-06-08T21:59:50","slug":"teto-da-aposentadoria-em-2019-pode-ser-de-r5-832","status":"publish","type":"post","link":"https:\/\/diarioregionaldigital.com.br\/?p=107404","title":{"rendered":"Teto da aposentadoria em 2019 pode ser de R$5.832"},"content":{"rendered":"<p>O Governo Federal anunciou que revisou sua estimativa para o sal\u00e1rio m\u00ednimo em 2019 de R$1.002, que havia sido feita em abril deste ano, para R$998. A nova previs\u00e3o consta em nota t\u00e9cnica do Projeto de Lei de Diretrizes Or\u00e7ament\u00e1rias do pr\u00f3ximo ano, divulgada pela Comiss\u00e3o Mista de Or\u00e7amento. Assim, o valor m\u00e1ximo para os benef\u00edcios pagos pelo Instituto Nacional do Seguro Social (INSS) poder\u00e1 chegar a R$5.832,11 a partir do ano que vem.<\/p>\n<p>&nbsp;<\/p>\n<p>Hoje, o teto do INSS\u00a0 \u00e9 de R$5.645,80. Atualmente, o sal\u00e1rio m\u00ednimo, que serve de refer\u00eancia para cerca de 45 milh\u00f5es de pessoas, est\u00e1 em R$954. Com isso, o aumento previsto para o pr\u00f3ximo ano passou a ser de R$44.<\/p>\n<p>&nbsp;<\/p>\n<p>Com a nova previs\u00e3o, o governo estima que vai deixar de gastar R$1,21 bilh\u00e3o em 2019. Isso porque, para cada R$1 de aumento, h\u00e1 o impacto de R$303,9 milh\u00f5es em despesas, sendo R$243 milh\u00f5es apenas nos gastos do INSS<\/p>\n<p>&nbsp;<\/p>\n<p>O estudo foi divulgado e reduz a previs\u00e3o de infla\u00e7\u00e3o para este ano. Quando o governo enviou o projeto da LDO (Lei de Diretrizes Or\u00e7ament\u00e1rias), em mar\u00e7o, estimou que esse \u00edndice ficaria em 3,8%.<\/p>\n<p>&nbsp;<\/p>\n<p>&nbsp;<\/p>\n<p>&nbsp;<\/p>\n","protected":false},"excerpt":{"rendered":"<p>O Governo Federal anunciou que revisou sua estimativa para o sal\u00e1rio m\u00ednimo em 2019 de R$1.002, que havia sido feita em abril deste ano, para R$998. A nova previs\u00e3o consta em nota t\u00e9cnica do Projeto de Lei de Diretrizes Or\u00e7ament\u00e1rias do pr\u00f3ximo ano, divulgada pela Comiss\u00e3o Mista de Or\u00e7amento. Assim, o valor m\u00e1ximo para os [&hellip;]<\/p>\n","protected":false},"author":96,"featured_media":107405,"comment_status":"closed","ping_status":"closed","sticky":false,"template":"","format":"standard","meta":{"footnotes":""},"categories":[440,261,439],"tags":[],"class_list":["post-107404","post","type-post","status-publish","format-standard","has-post-thumbnail","hentry","category-destaques-do-dia","category-economia","category-ultima-hora"],"_links":{"self":[{"href":"https:\/\/diarioregionaldigital.com.br\/index.php?rest_route=\/wp\/v2\/posts\/107404","targetHints":{"allow":["GET"]}}],"collection":[{"href":"https:\/\/diarioregionaldigital.com.br\/index.php?rest_route=\/wp\/v2\/posts"}],"about":[{"href":"https:\/\/diarioregionaldigital.com.br\/index.php?rest_route=\/wp\/v2\/types\/post"}],"author":[{"embeddable":true,"href":"https:\/\/diarioregionaldigital.com.br\/index.php?rest_route=\/wp\/v2\/users\/96"}],"replies":[{"embeddable":true,"href":"https:\/\/diarioregionaldigital.com.br\/index.php?rest_route=%2Fwp%2Fv2%2Fcomments&post=107404"}],"version-history":[{"count":0,"href":"https:\/\/diarioregionaldigital.com.br\/index.php?rest_route=\/wp\/v2\/posts\/107404\/revisions"}],"wp:featuredmedia":[{"embeddable":true,"href":"https:\/\/diarioregionaldigital.com.br\/index.php?rest_route=\/wp\/v2\/media\/107405"}],"wp:attachment":[{"href":"https:\/\/diarioregionaldigital.com.br\/index.php?rest_route=%2Fwp%2Fv2%2Fmedia&parent=107404"}],"wp:term":[{"taxonomy":"category","embeddable":true,"href":"https:\/\/diarioregionaldigital.com.br\/index.php?rest_route=%2Fwp%2Fv2%2Fcategories&post=107404"},{"taxonomy":"post_tag","embeddable":true,"href":"https:\/\/diarioregionaldigital.com.br\/index.php?rest_route=%2Fwp%2Fv2%2Ftags&post=107404"}],"curies":[{"name":"wp","href":"https:\/\/api.w.org\/{rel}","templated":true}]}}