{"id":107402,"date":"2018-06-08T18:57:39","date_gmt":"2018-06-08T21:57:39","guid":{"rendered":"http:\/\/diarioregionaljf.com.br\/?p=107402"},"modified":"2018-06-08T18:57:39","modified_gmt":"2018-06-08T21:57:39","slug":"relator-apresenta-parecer-final-ao-novo-codigo-de-processo-penal-na-proxima-quarta-feira","status":"publish","type":"post","link":"https:\/\/diarioregionaldigital.com.br\/?p=107402","title":{"rendered":"Relator apresenta parecer final ao novo C\u00f3digo de Processo Penal na pr\u00f3xima quarta-feira"},"content":{"rendered":"<p>A\u00a0comiss\u00e3o especial\u00a0que debate o novo C\u00f3digo de Processo Penal (PL\u00a0<a href=\"http:\/\/www2.camara.leg.br\/camaranoticias\/noticias\/DIREITO-E-JUSTICA\/504728-RELATOR-DE-COMISSAO-DO-CODIGO-DE-PROCESSO-PENAL-DISCORDA-DE-PONTOS-DO-PROJETO.html\">8045\/10<\/a>) re\u00fane-se na pr\u00f3xima quarta-feira, 13, para a apresenta\u00e7\u00e3o do parecer do relator, deputado Jo\u00e3o Campos (PRB-GO). A apresenta\u00e7\u00e3o estava prevista para a ter\u00e7a-feira passada, mas foi adiada.<\/p>\n<p>&nbsp;<\/p>\n<p>A proposta re\u00fane mais de 252 projetos sobre o tema e surgiu de uma comiss\u00e3o formada por juristas e senadores. O texto atualiza o CPP atual (Decreto-Lei\u00a0<a href=\"http:\/\/www2.camara.leg.br\/legin\/fed\/declei\/1940-1949\/decreto-lei-3689-3-outubro-1941-322206-norma-pe.html\">3.689\/41<\/a>), que \u00e9 de 1941, e j\u00e1 foi aprovado no Senado.<\/p>\n<p>&nbsp;<\/p>\n<p>No parecer preliminar apresentado em abril, Jo\u00e3o Campos regulamentou a pris\u00e3o ap\u00f3s a segunda inst\u00e2ncia, o que n\u00e3o \u00e9 aceito por todos os membros da comiss\u00e3o. &#8220;N\u00e3o permitir a execu\u00e7\u00e3o da pena a partir do 2\u00ba grau \u00e9 contribuir para a impunidade, para a prescri\u00e7\u00e3o\u201d, afirmou Campos.<\/p>\n<p>&nbsp;<\/p>\n<p>A reuni\u00e3o ser\u00e1 realizada a partir das 14h, em local a definir.<\/p>\n<p>&nbsp;<\/p>\n<p>Fonte:\u00a0<strong>Ag\u00eancia C\u00e2mara Not\u00edcias<\/strong><\/p>\n<p>&nbsp;<\/p>\n","protected":false},"excerpt":{"rendered":"<p>A\u00a0comiss\u00e3o especial\u00a0que debate o novo C\u00f3digo de Processo Penal (PL\u00a08045\/10) re\u00fane-se na pr\u00f3xima quarta-feira, 13, para a apresenta\u00e7\u00e3o do parecer do relator, deputado Jo\u00e3o Campos (PRB-GO). A apresenta\u00e7\u00e3o estava prevista para a ter\u00e7a-feira passada, mas foi adiada. &nbsp; A proposta re\u00fane mais de 252 projetos sobre o tema e surgiu de uma comiss\u00e3o formada por [&hellip;]<\/p>\n","protected":false},"author":96,"featured_media":97343,"comment_status":"closed","ping_status":"closed","sticky":false,"template":"","format":"standard","meta":{"footnotes":""},"categories":[254,439],"tags":[],"class_list":["post-107402","post","type-post","status-publish","format-standard","has-post-thumbnail","hentry","category-politica","category-ultima-hora"],"_links":{"self":[{"href":"https:\/\/diarioregionaldigital.com.br\/index.php?rest_route=\/wp\/v2\/posts\/107402","targetHints":{"allow":["GET"]}}],"collection":[{"href":"https:\/\/diarioregionaldigital.com.br\/index.php?rest_route=\/wp\/v2\/posts"}],"about":[{"href":"https:\/\/diarioregionaldigital.com.br\/index.php?rest_route=\/wp\/v2\/types\/post"}],"author":[{"embeddable":true,"href":"https:\/\/diarioregionaldigital.com.br\/index.php?rest_route=\/wp\/v2\/users\/96"}],"replies":[{"embeddable":true,"href":"https:\/\/diarioregionaldigital.com.br\/index.php?rest_route=%2Fwp%2Fv2%2Fcomments&post=107402"}],"version-history":[{"count":0,"href":"https:\/\/diarioregionaldigital.com.br\/index.php?rest_route=\/wp\/v2\/posts\/107402\/revisions"}],"wp:featuredmedia":[{"embeddable":true,"href":"https:\/\/diarioregionaldigital.com.br\/index.php?rest_route=\/wp\/v2\/media\/97343"}],"wp:attachment":[{"href":"https:\/\/diarioregionaldigital.com.br\/index.php?rest_route=%2Fwp%2Fv2%2Fmedia&parent=107402"}],"wp:term":[{"taxonomy":"category","embeddable":true,"href":"https:\/\/diarioregionaldigital.com.br\/index.php?rest_route=%2Fwp%2Fv2%2Fcategories&post=107402"},{"taxonomy":"post_tag","embeddable":true,"href":"https:\/\/diarioregionaldigital.com.br\/index.php?rest_route=%2Fwp%2Fv2%2Ftags&post=107402"}],"curies":[{"name":"wp","href":"https:\/\/api.w.org\/{rel}","templated":true}]}}