{"id":107399,"date":"2018-06-08T18:52:05","date_gmt":"2018-06-08T21:52:05","guid":{"rendered":"http:\/\/diarioregionaljf.com.br\/?p=107399"},"modified":"2018-06-08T18:52:05","modified_gmt":"2018-06-08T21:52:05","slug":"dario-berger-diz-que-identidade-digital-chega-a-populacao-no-segundo-semestre","status":"publish","type":"post","link":"https:\/\/diarioregionaldigital.com.br\/?p=107399","title":{"rendered":"D\u00e1rio Berger diz que identidade digital chega \u00e0 popula\u00e7\u00e3o no segundo semestre"},"content":{"rendered":"<p>Um aplicativo de celular que re\u00fane documentos como a identidade, o CPF e o t\u00edtulo de eleitor num \u00fanico QR Code. \u00c9 assim o novo Documento Nacional de Identidade (DNI). O senador D\u00e1rio Berger (MDB-SC), que integra o Comit\u00ea Gestor do DNI, disse em entrevista ao programa\u00a0<strong>Sal\u00e3o Nobre<\/strong>\u00a0que o documento \u00e9 seguro, porque \u00e9 baseado na biometria do cidad\u00e3o, armazenada no banco de dados da Justi\u00e7a Eleitoral.<\/p>\n<p>&nbsp;<\/p>\n<p>\u201cSe a pessoa perde o celular, est\u00e1 cadastrada biometricamente e tem que digitar uma senha\u201d, explica.<\/p>\n<p>&nbsp;<\/p>\n<p>O DNI foi criado pela\u00a0lei 13.444, em vigor desde maio de 2017, e est\u00e1 em fase de testes. No primeiro momento, servidores do Tribunal Superior Eleitoral puderam baixar o documento. Na segunda fase, lan\u00e7ado em maio, foi a vez do Senado e da C\u00e2mara. O terceiro passo \u00e9 estender o documento para o estado do Paran\u00e1, onde 90% da popula\u00e7\u00e3o j\u00e1 t\u00eam cadastro biom\u00e9trico na Justi\u00e7a Eleitoral. O Comit\u00ea Gestor espera que o documento \u00fanico digital esteja dispon\u00edvel a toda a popula\u00e7\u00e3o at\u00e9 o fim do ano, para os cidad\u00e3os que j\u00e1 t\u00eam biometria. Embora em fase de teste, o DNI j\u00e1 \u00e9 v\u00e1lido como documento de identifica\u00e7\u00e3o.<\/p>\n<p>&nbsp;<\/p>\n<p>De acordo com o senador D\u00e1rio Berger, o DNI \u00e9 mais seguro que a identidade atual, porque acaba com a possibilidade de se tirar uma carteira de identidade em cada estado e reduz fraudes. \u201cVai ter um car\u00e1ter nacional, biometricamente identificado, raz\u00e3o pela qual jamais n\u00f3s teremos essa duplicidade de identifica\u00e7\u00e3o como a gente percebe no meio f\u00edsico atualmente em vigor\u201d, afirma.<\/p>\n<p>&nbsp;<\/p>\n<p>Segundo o senador, o documento fica dispon\u00edvel no aplicativo mesmo quando o celular est\u00e1 sem internet. Depois de implantado o DNI para toda a popula\u00e7\u00e3o, D\u00e1rio revela que o pr\u00f3ximo passo do Comit\u00ea Gestor ser\u00e1 incluir outros documentos no aplicativo e evoluir o cadastro para o reconhecimento facial.<\/p>\n<p>&nbsp;<\/p>\n<p>Fonte: Ag\u00eancia Senado<\/p>\n<p>&nbsp;<\/p>\n<p>&nbsp;<\/p>\n","protected":false},"excerpt":{"rendered":"<p>Um aplicativo de celular que re\u00fane documentos como a identidade, o CPF e o t\u00edtulo de eleitor num \u00fanico QR Code. \u00c9 assim o novo Documento Nacional de Identidade (DNI). O senador D\u00e1rio Berger (MDB-SC), que integra o Comit\u00ea Gestor do DNI, disse em entrevista ao programa\u00a0Sal\u00e3o Nobre\u00a0que o documento \u00e9 seguro, porque \u00e9 baseado [&hellip;]<\/p>\n","protected":false},"author":96,"featured_media":107400,"comment_status":"closed","ping_status":"closed","sticky":false,"template":"","format":"standard","meta":{"footnotes":""},"categories":[436,252,439],"tags":[],"class_list":["post-107399","post","type-post","status-publish","format-standard","has-post-thumbnail","hentry","category-destaque-da-semana","category-regiao","category-ultima-hora"],"_links":{"self":[{"href":"https:\/\/diarioregionaldigital.com.br\/index.php?rest_route=\/wp\/v2\/posts\/107399","targetHints":{"allow":["GET"]}}],"collection":[{"href":"https:\/\/diarioregionaldigital.com.br\/index.php?rest_route=\/wp\/v2\/posts"}],"about":[{"href":"https:\/\/diarioregionaldigital.com.br\/index.php?rest_route=\/wp\/v2\/types\/post"}],"author":[{"embeddable":true,"href":"https:\/\/diarioregionaldigital.com.br\/index.php?rest_route=\/wp\/v2\/users\/96"}],"replies":[{"embeddable":true,"href":"https:\/\/diarioregionaldigital.com.br\/index.php?rest_route=%2Fwp%2Fv2%2Fcomments&post=107399"}],"version-history":[{"count":0,"href":"https:\/\/diarioregionaldigital.com.br\/index.php?rest_route=\/wp\/v2\/posts\/107399\/revisions"}],"wp:featuredmedia":[{"embeddable":true,"href":"https:\/\/diarioregionaldigital.com.br\/index.php?rest_route=\/wp\/v2\/media\/107400"}],"wp:attachment":[{"href":"https:\/\/diarioregionaldigital.com.br\/index.php?rest_route=%2Fwp%2Fv2%2Fmedia&parent=107399"}],"wp:term":[{"taxonomy":"category","embeddable":true,"href":"https:\/\/diarioregionaldigital.com.br\/index.php?rest_route=%2Fwp%2Fv2%2Fcategories&post=107399"},{"taxonomy":"post_tag","embeddable":true,"href":"https:\/\/diarioregionaldigital.com.br\/index.php?rest_route=%2Fwp%2Fv2%2Ftags&post=107399"}],"curies":[{"name":"wp","href":"https:\/\/api.w.org\/{rel}","templated":true}]}}