{"id":107389,"date":"2018-06-10T06:00:48","date_gmt":"2018-06-10T09:00:48","guid":{"rendered":"http:\/\/diarioregionaljf.com.br\/?p=107389"},"modified":"2018-06-08T17:53:32","modified_gmt":"2018-06-08T20:53:32","slug":"juiz-de-fora-tem-cerca-de-125-mil-pessoas-com-o-cpf-negativado","status":"publish","type":"post","link":"https:\/\/diarioregionaldigital.com.br\/?p=107389","title":{"rendered":"Juiz de Fora tem cerca de 125 mil pessoas com o CPF negativado"},"content":{"rendered":"<p>Cerca de 125 mil juiz-foranos est\u00e3o com o nome sujo, segundo informa\u00e7\u00f5es da C\u00e2mara dos Dirigentes Lojistas (CDL) de Juiz de Fora, e cen\u00e1rio no munic\u00edpio \u00e9 diferente do ocorre no pa\u00eds. A Pesquisa de Endividamento e Inadimpl\u00eancia do Consumidor (Peic), divulgada esta semana, aponta que o percentual de fam\u00edlias endividadas no Brasil ficou em 59,1% em maio deste ano, menos do que os 60,2% de abril deste ano e os 60,7% de maio do ano passado.<\/p>\n<p>De acordo o presidente da CDL-JF, Marcos Casarin, o n\u00famero de pessoas endividadas aumenta entre os meses de abril e junho. \u201cAs pessoas fazem as compras de final de ano e chega nesse per\u00edodo come\u00e7a a ficar negativado porque v\u00e3o deixando de pagar\u201d, esclareceu. Em janeiro, cerca de 115 mil juiz-foranos estavam no vermelho, dez mil pessoas a menos do que o \u00faltimo levantamento divulgado.<\/p>\n<div id=\"attachment_107394\" style=\"width: 3139px\" class=\"wp-caption alignnone\"><img loading=\"lazy\" decoding=\"async\" aria-describedby=\"caption-attachment-107394\" class=\"size-full wp-image-107394\" src=\"http:\/\/diarioregionaljf.com.br\/wp-content\/uploads\/2018\/06\/spc-1.jpg\" alt=\"\" width=\"3129\" height=\"2086\" srcset=\"https:\/\/diarioregionaldigital.com.br\/wp-content\/uploads\/2018\/06\/spc-1.jpg 3129w, https:\/\/diarioregionaldigital.com.br\/wp-content\/uploads\/2018\/06\/spc-1-300x200.jpg 300w, https:\/\/diarioregionaldigital.com.br\/wp-content\/uploads\/2018\/06\/spc-1-768x512.jpg 768w, https:\/\/diarioregionaldigital.com.br\/wp-content\/uploads\/2018\/06\/spc-1-1024x683.jpg 1024w, https:\/\/diarioregionaldigital.com.br\/wp-content\/uploads\/2018\/06\/spc-1-360x240.jpg 360w\" sizes=\"auto, (max-width: 3129px) 100vw, 3129px\" \/><p id=\"caption-attachment-107394\" class=\"wp-caption-text\">Em janeiro deste ano cerca de 115 mil juiz-foranos estavam no vermelho. Foto: Rafaela Frutuoso<\/p><\/div>\n<p>O cart\u00e3o de cr\u00e9dito continua sendo o principal tipo de d\u00edvida, afirmou Casarin. \u201cA popula\u00e7\u00e3o recorrer a ele por necessidade, principalmente neste momento dif\u00edcil que vive o pa\u00eds. Cerca de 60% das pessoas est\u00e3o negativadas devido ao cart\u00e3o de cr\u00e9dito\u201d, ponderou.<\/p>\n<p>A partir do momento em que a pessoa fica com nome sujo, ela passa apenas a poder comprar a vista. \u201cEla n\u00e3o pode ter cart\u00e3o de cr\u00e9dito ou tal\u00e3o de cheque, abrir uma conta banc\u00e1ria e comprar no credi\u00e1rio, ou seja, o poder de compra dela diminui e isso para o com\u00e9rcio n\u00e3o \u00e9 bom, ter 125 mil pessoas que n\u00e3o podem comprar no cart\u00e3o ou no credi\u00e1rio\u201d, destacou o presidente da CDL-JF.<\/p>\n<p><strong>SERVI\u00c7OS<\/strong><\/p>\n<p>Para auxiliar a popula\u00e7\u00e3o a sair do vermelho, a C\u00e2mara dos Dirigentes Lojistas oferece dois servi\u00e7os. \u201cN\u00f3s realizamos o \u2018Fa\u00e7a as pazes com o seu cr\u00e9dito\u2019. A pessoa vem at\u00e9 a CDL, na data em que anunciamos, negocia a sua d\u00edvida e pode ter desconto de at\u00e9 50%. O \u00faltimo realizado foi em maio e o pr\u00f3ximo ser\u00e1 no final do ano, em dezembro\u201d, disse Casarin. \u201cA grande maioria compra e esquece onde foi, por\u00e9m se a pessoa tiver alguma d\u00favida, ela pode nos procurar com a identidade e o CPF que a gente verifica o hist\u00f3rico dela, verifica onde ela est\u00e1 devendo\u201d, acrescentou.<\/p>\n<p><strong>ORIENTA\u00c7\u00d5ES <\/strong><\/p>\n<p>O economista Jos\u00e9 Jamil Adum deu algumas orienta\u00e7\u00f5es para que as pessoas consigam se organizar e sair do vermelho. \u201cA primeira coisa \u00e9 pensar em voc\u00ea como uma empresa e fa\u00e7a o seu planejamento or\u00e7ament\u00e1rio. Veja o que tem de receita e o que tem de despesas para entender a sua situa\u00e7\u00e3o\u201d, disse Adum. \u201cAconselho que a primeira d\u00edvida a ser quitada seja aquela com o juro mais alto\u201d, completou.<\/p>\n<p>Em rela\u00e7\u00e3o \u00e0s compras, o especialista fez um alerta. \u201cO consumidor s\u00f3 olha a parcela, se ela cabe no bolso e, por isso, acaba comprando sem ao menos conferir as outras despesas e a sua receita. Mesmo parcelando em diversas vezes pode comprometer o or\u00e7amento\u201d, falou Adum.<\/p>\n<p>Outra dica do economista \u00e9 equilibrar o desejo de comprar e a sua realidade or\u00e7ament\u00e1ria. \u201cN\u00f3s consumidores somos bombardeados pelo consumismo, por isso, \u00e9 preciso do equil\u00edbrio entre a raz\u00e3o e a emo\u00e7\u00e3o. Pergunte-se: eu preciso disso? Posso gastar neste momento? Estou mesmo precisando disso?\u201d, aconselhou.<\/p>\n<p>O especialista tamb\u00e9m orientou que as pessoas utilizem a tecnologia ao seu favor. \u201cH\u00e1 aplicativos de celulares que auxilia no controle de gastos. Use uma planilha do Excel. Sente em frente do computador e anote as despesas e seus c\u00e1lculos, que ele mesmo faz o c\u00e1lculo. Caso n\u00e3o tenha habilidade com o computador, vai no jeitinho, no papel e caneta\u201d, finalizou o economista.<\/p>\n","protected":false},"excerpt":{"rendered":"<p>Cerca de 125 mil juiz-foranos est\u00e3o com o nome sujo, segundo informa\u00e7\u00f5es da C\u00e2mara dos Dirigentes Lojistas (CDL) de Juiz de Fora, e cen\u00e1rio no munic\u00edpio \u00e9 diferente do ocorre no pa\u00eds. A Pesquisa de Endividamento e Inadimpl\u00eancia do Consumidor (Peic), divulgada esta semana, aponta que o percentual de fam\u00edlias endividadas no Brasil ficou em [&hellip;]<\/p>\n","protected":false},"author":96,"featured_media":107396,"comment_status":"closed","ping_status":"closed","sticky":false,"template":"","format":"standard","meta":{"footnotes":""},"categories":[253,440,439],"tags":[],"class_list":["post-107389","post","type-post","status-publish","format-standard","has-post-thumbnail","hentry","category-cidade","category-destaques-do-dia","category-ultima-hora"],"_links":{"self":[{"href":"https:\/\/diarioregionaldigital.com.br\/index.php?rest_route=\/wp\/v2\/posts\/107389","targetHints":{"allow":["GET"]}}],"collection":[{"href":"https:\/\/diarioregionaldigital.com.br\/index.php?rest_route=\/wp\/v2\/posts"}],"about":[{"href":"https:\/\/diarioregionaldigital.com.br\/index.php?rest_route=\/wp\/v2\/types\/post"}],"author":[{"embeddable":true,"href":"https:\/\/diarioregionaldigital.com.br\/index.php?rest_route=\/wp\/v2\/users\/96"}],"replies":[{"embeddable":true,"href":"https:\/\/diarioregionaldigital.com.br\/index.php?rest_route=%2Fwp%2Fv2%2Fcomments&post=107389"}],"version-history":[{"count":0,"href":"https:\/\/diarioregionaldigital.com.br\/index.php?rest_route=\/wp\/v2\/posts\/107389\/revisions"}],"wp:featuredmedia":[{"embeddable":true,"href":"https:\/\/diarioregionaldigital.com.br\/index.php?rest_route=\/wp\/v2\/media\/107396"}],"wp:attachment":[{"href":"https:\/\/diarioregionaldigital.com.br\/index.php?rest_route=%2Fwp%2Fv2%2Fmedia&parent=107389"}],"wp:term":[{"taxonomy":"category","embeddable":true,"href":"https:\/\/diarioregionaldigital.com.br\/index.php?rest_route=%2Fwp%2Fv2%2Fcategories&post=107389"},{"taxonomy":"post_tag","embeddable":true,"href":"https:\/\/diarioregionaldigital.com.br\/index.php?rest_route=%2Fwp%2Fv2%2Ftags&post=107389"}],"curies":[{"name":"wp","href":"https:\/\/api.w.org\/{rel}","templated":true}]}}