{"id":107385,"date":"2018-06-08T17:39:59","date_gmt":"2018-06-08T20:39:59","guid":{"rendered":"http:\/\/diarioregionaljf.com.br\/?p=107385"},"modified":"2018-06-08T17:39:59","modified_gmt":"2018-06-08T20:39:59","slug":"ufjf-decide-reposicao-de-aulas-adiadas-devido-a-greve-dos-caminhoneiros","status":"publish","type":"post","link":"https:\/\/diarioregionaldigital.com.br\/?p=107385","title":{"rendered":"UFJF decide reposi\u00e7\u00e3o de aulas adiadas devido \u00e0 greve dos caminhoneiros"},"content":{"rendered":"<p>O\u00a0Conselho Setorial de Gradua\u00e7\u00e3o (Congrad)\u00a0da Universidade Federal de Juiz de Fora (UFJF) decidiu alterar a data do fim do primeiro semestre letivo e adiar o in\u00edcio do pr\u00f3ximo per\u00edodo acad\u00eamico, com o intuito de fazer a reposi\u00e7\u00e3o das aulas que n\u00e3o aconteceram durante a greve dos caminhoneiros.<\/p>\n<p>Na reuni\u00e3o realizada nessa sexta, 8, ficou decidido que as aulas desse semestre, cujo t\u00e9rmino estava previsto para dia 10 de julho, acontecer\u00e3o at\u00e9 o dia 17 de julho. Assim, o prazo para que os docentes registrem as notas ser\u00e1 o dia 18 de julho. J\u00e1 as matr\u00edculas no Siga para o segundo semestre devem ser realizadas pelos estudantes nos dias 19 e 20 de julho.<\/p>\n<p>O segundo semestre letivo de 2018, que come\u00e7aria em 30 de julho, ter\u00e1 in\u00edcio no dia 6 de agosto. As altera\u00e7\u00f5es nas demais datas do segundo semestre ainda ser\u00e3o discutidas pelo Congrad.<\/p>\n<p>Fonte: Assessoria<\/p>\n","protected":false},"excerpt":{"rendered":"<p>O\u00a0Conselho Setorial de Gradua\u00e7\u00e3o (Congrad)\u00a0da Universidade Federal de Juiz de Fora (UFJF) decidiu alterar a data do fim do primeiro semestre letivo e adiar o in\u00edcio do pr\u00f3ximo per\u00edodo acad\u00eamico, com o intuito de fazer a reposi\u00e7\u00e3o das aulas que n\u00e3o aconteceram durante a greve dos caminhoneiros. Na reuni\u00e3o realizada nessa sexta, 8, ficou decidido [&hellip;]<\/p>\n","protected":false},"author":96,"featured_media":107387,"comment_status":"closed","ping_status":"closed","sticky":false,"template":"","format":"standard","meta":{"footnotes":""},"categories":[253,440,439],"tags":[],"class_list":["post-107385","post","type-post","status-publish","format-standard","has-post-thumbnail","hentry","category-cidade","category-destaques-do-dia","category-ultima-hora"],"_links":{"self":[{"href":"https:\/\/diarioregionaldigital.com.br\/index.php?rest_route=\/wp\/v2\/posts\/107385","targetHints":{"allow":["GET"]}}],"collection":[{"href":"https:\/\/diarioregionaldigital.com.br\/index.php?rest_route=\/wp\/v2\/posts"}],"about":[{"href":"https:\/\/diarioregionaldigital.com.br\/index.php?rest_route=\/wp\/v2\/types\/post"}],"author":[{"embeddable":true,"href":"https:\/\/diarioregionaldigital.com.br\/index.php?rest_route=\/wp\/v2\/users\/96"}],"replies":[{"embeddable":true,"href":"https:\/\/diarioregionaldigital.com.br\/index.php?rest_route=%2Fwp%2Fv2%2Fcomments&post=107385"}],"version-history":[{"count":0,"href":"https:\/\/diarioregionaldigital.com.br\/index.php?rest_route=\/wp\/v2\/posts\/107385\/revisions"}],"wp:featuredmedia":[{"embeddable":true,"href":"https:\/\/diarioregionaldigital.com.br\/index.php?rest_route=\/wp\/v2\/media\/107387"}],"wp:attachment":[{"href":"https:\/\/diarioregionaldigital.com.br\/index.php?rest_route=%2Fwp%2Fv2%2Fmedia&parent=107385"}],"wp:term":[{"taxonomy":"category","embeddable":true,"href":"https:\/\/diarioregionaldigital.com.br\/index.php?rest_route=%2Fwp%2Fv2%2Fcategories&post=107385"},{"taxonomy":"post_tag","embeddable":true,"href":"https:\/\/diarioregionaldigital.com.br\/index.php?rest_route=%2Fwp%2Fv2%2Ftags&post=107385"}],"curies":[{"name":"wp","href":"https:\/\/api.w.org\/{rel}","templated":true}]}}