{"id":107382,"date":"2018-06-10T11:05:55","date_gmt":"2018-06-10T14:05:55","guid":{"rendered":"http:\/\/diarioregionaljf.com.br\/?p=107382"},"modified":"2018-06-10T11:14:16","modified_gmt":"2018-06-10T14:14:16","slug":"para-todos","status":"publish","type":"post","link":"https:\/\/diarioregionaldigital.com.br\/?p=107382","title":{"rendered":"Para Todos"},"content":{"rendered":"<p style=\"text-align: center;\"><strong>L\u00e1 longe<\/strong><\/p>\n<p style=\"text-align: center;\">Usando sua por\u00e7\u00e3o d\u00f3-r\u00e9-mi-f\u00e1, o instrumentista e cantor Fernando Gaio faz shows na Su\u00ed\u00e7a e na It\u00e1lia. A temporada de sucesso completa dois anos e com muitos aplausos, ele tem agenda cheia at\u00e9 agosto, em festivais e restaurantes.<\/p>\n<p style=\"text-align: center;\"><strong>Celebrando <\/strong><\/p>\n<p style=\"text-align: center;\">O advogado Jos\u00e9 L\u00facio Fernandes, flamenguista fervoroso, sempre prestigia os amigos rubro-negros. Recentemente esteve em Pinheiral, no Vale do Para\u00edba, para abra\u00e7ar o amigo e aniversariante Nunes, campe\u00e3o mundial de clubes pelo Flamengo, em 1981.<\/p>\n<p style=\"text-align: center;\"><strong>Futebol<\/strong><\/p>\n<p style=\"text-align: center;\">Ricardo Guimar\u00e3es, um dos controladores do banco BMG e ex-presidente do Atl\u00e9tico Mineiro, e Giuliano Bertolucci, empres\u00e1rio de atletas, est\u00e3o fechando compra de um clube em Portugal o Vit\u00f3ria de Guimar\u00e3es, da primeira divis\u00e3o do futebol portugu\u00eas.<\/p>\n<p style=\"text-align: center;\"><strong>Para Todos<\/strong><\/p>\n<p style=\"text-align: center;\">A Avon comemora 25 anos de Brasil trazendo um super tratamento antirrugas: o Renew Infinite. Ele promete atacar em cheio rugas, manchas escuras e linhas de express\u00e3o com uma forma bem peculiar de uso. Em duas etapas e o precinho \u00e9 R$ 179,99.<\/p>\n<div id=\"attachment_107365\" style=\"width: 690px\" class=\"wp-caption aligncenter\"><img loading=\"lazy\" decoding=\"async\" aria-describedby=\"caption-attachment-107365\" class=\"wp-image-107365\" src=\"http:\/\/diarioregionaljf.com.br\/wp-content\/uploads\/2018\/06\/fotoaa-2-e1528491263407.jpg\" alt=\"\" width=\"680\" height=\"576\" srcset=\"https:\/\/diarioregionaldigital.com.br\/wp-content\/uploads\/2018\/06\/fotoaa-2-e1528491263407.jpg 532w, https:\/\/diarioregionaldigital.com.br\/wp-content\/uploads\/2018\/06\/fotoaa-2-e1528491263407-300x254.jpg 300w, https:\/\/diarioregionaldigital.com.br\/wp-content\/uploads\/2018\/06\/fotoaa-2-e1528491263407-360x305.jpg 360w\" sizes=\"auto, (max-width: 680px) 100vw, 680px\" \/><p id=\"caption-attachment-107365\" class=\"wp-caption-text\">A bonita Larissa Ferreira veste capa em tric\u00f4 da loja M. Marques, em pleno Braz Shopping<\/p><\/div>\n<div id=\"attachment_107364\" style=\"width: 690px\" class=\"wp-caption aligncenter\"><img loading=\"lazy\" decoding=\"async\" aria-describedby=\"caption-attachment-107364\" class=\"wp-image-107364\" src=\"http:\/\/diarioregionaljf.com.br\/wp-content\/uploads\/2018\/06\/fotoa-4-e1528491379820.jpg\" alt=\"\" width=\"680\" height=\"471\" srcset=\"https:\/\/diarioregionaldigital.com.br\/wp-content\/uploads\/2018\/06\/fotoa-4-e1528491379820.jpg 720w, https:\/\/diarioregionaldigital.com.br\/wp-content\/uploads\/2018\/06\/fotoa-4-e1528491379820-300x208.jpg 300w, https:\/\/diarioregionaldigital.com.br\/wp-content\/uploads\/2018\/06\/fotoa-4-e1528491379820-360x250.jpg 360w, https:\/\/diarioregionaldigital.com.br\/wp-content\/uploads\/2018\/06\/fotoa-4-e1528491379820-100x70.jpg 100w\" sizes=\"auto, (max-width: 680px) 100vw, 680px\" \/><p id=\"caption-attachment-107364\" class=\"wp-caption-text\">As elegant\u00e9rrimas juiz-foranas Veru Campos e Ingrid Og Duayer, em temporada chique em Buenos Aires<\/p><\/div>\n<div id=\"attachment_107366\" style=\"width: 690px\" class=\"wp-caption aligncenter\"><img loading=\"lazy\" decoding=\"async\" aria-describedby=\"caption-attachment-107366\" class=\"wp-image-107366\" src=\"http:\/\/diarioregionaljf.com.br\/wp-content\/uploads\/2018\/06\/fotob-4.jpg\" alt=\"\" width=\"680\" height=\"453\" srcset=\"https:\/\/diarioregionaldigital.com.br\/wp-content\/uploads\/2018\/06\/fotob-4.jpg 960w, https:\/\/diarioregionaldigital.com.br\/wp-content\/uploads\/2018\/06\/fotob-4-300x200.jpg 300w, https:\/\/diarioregionaldigital.com.br\/wp-content\/uploads\/2018\/06\/fotob-4-768x512.jpg 768w, https:\/\/diarioregionaldigital.com.br\/wp-content\/uploads\/2018\/06\/fotob-4-360x240.jpg 360w\" sizes=\"auto, (max-width: 680px) 100vw, 680px\" \/><p id=\"caption-attachment-107366\" class=\"wp-caption-text\">Em ambiente suntuoso, os bonit\u00f5es Lucas de Alc\u00e2ntara e Pablo Kaique<\/p><\/div>\n<div id=\"attachment_107368\" style=\"width: 690px\" class=\"wp-caption aligncenter\"><img loading=\"lazy\" decoding=\"async\" aria-describedby=\"caption-attachment-107368\" class=\"wp-image-107368\" src=\"http:\/\/diarioregionaljf.com.br\/wp-content\/uploads\/2018\/06\/fotod-1-e1528496572458.jpg\" alt=\"\" width=\"680\" height=\"508\" srcset=\"https:\/\/diarioregionaldigital.com.br\/wp-content\/uploads\/2018\/06\/fotod-1-e1528496572458.jpg 533w, https:\/\/diarioregionaldigital.com.br\/wp-content\/uploads\/2018\/06\/fotod-1-e1528496572458-300x224.jpg 300w, https:\/\/diarioregionaldigital.com.br\/wp-content\/uploads\/2018\/06\/fotod-1-e1528496572458-360x269.jpg 360w\" sizes=\"auto, (max-width: 680px) 100vw, 680px\" \/><p id=\"caption-attachment-107368\" class=\"wp-caption-text\">No Hotel Fazenda Raposo, Bruno Dilly Maia, Eduardo Dutra Maia, Ignez Dutra Maia e Laura Dilly Maia<\/p><\/div>\n<div id=\"attachment_107369\" style=\"width: 690px\" class=\"wp-caption aligncenter\"><img loading=\"lazy\" decoding=\"async\" aria-describedby=\"caption-attachment-107369\" class=\"wp-image-107369\" src=\"http:\/\/diarioregionaljf.com.br\/wp-content\/uploads\/2018\/06\/fotoe-2.jpg\" alt=\"\" width=\"680\" height=\"382\" srcset=\"https:\/\/diarioregionaldigital.com.br\/wp-content\/uploads\/2018\/06\/fotoe-2.jpg 2048w, https:\/\/diarioregionaldigital.com.br\/wp-content\/uploads\/2018\/06\/fotoe-2-300x168.jpg 300w, https:\/\/diarioregionaldigital.com.br\/wp-content\/uploads\/2018\/06\/fotoe-2-768x431.jpg 768w, https:\/\/diarioregionaldigital.com.br\/wp-content\/uploads\/2018\/06\/fotoe-2-1024x575.jpg 1024w, https:\/\/diarioregionaldigital.com.br\/wp-content\/uploads\/2018\/06\/fotoe-2-1920x1080.jpg 1920w, https:\/\/diarioregionaldigital.com.br\/wp-content\/uploads\/2018\/06\/fotoe-2-360x202.jpg 360w\" sizes=\"auto, (max-width: 680px) 100vw, 680px\" \/><p id=\"caption-attachment-107369\" class=\"wp-caption-text\">Fazendo social, os charmosos Ivete Gomes e Lu\u00eds Sa\u00e7\u00e7o<\/p><\/div>\n<div id=\"attachment_107370\" style=\"width: 690px\" class=\"wp-caption aligncenter\"><img loading=\"lazy\" decoding=\"async\" aria-describedby=\"caption-attachment-107370\" class=\"wp-image-107370\" src=\"http:\/\/diarioregionaljf.com.br\/wp-content\/uploads\/2018\/06\/fotof-3-e1528491343867.jpg\" alt=\"\" width=\"680\" height=\"512\" srcset=\"https:\/\/diarioregionaldigital.com.br\/wp-content\/uploads\/2018\/06\/fotof-3-e1528491343867.jpg 638w, https:\/\/diarioregionaldigital.com.br\/wp-content\/uploads\/2018\/06\/fotof-3-e1528491343867-300x226.jpg 300w, https:\/\/diarioregionaldigital.com.br\/wp-content\/uploads\/2018\/06\/fotof-3-e1528491343867-360x271.jpg 360w\" sizes=\"auto, (max-width: 680px) 100vw, 680px\" \/><p id=\"caption-attachment-107370\" class=\"wp-caption-text\">No Alameda, os bomb\u00e1sticos Yasmin Marinho e Felipe Bolpato<\/p><\/div>\n<div id=\"attachment_107372\" style=\"width: 690px\" class=\"wp-caption aligncenter\"><img loading=\"lazy\" decoding=\"async\" aria-describedby=\"caption-attachment-107372\" class=\"wp-image-107372\" src=\"http:\/\/diarioregionaljf.com.br\/wp-content\/uploads\/2018\/06\/fotoh-4-e1528492901138.jpg\" alt=\"\" width=\"680\" height=\"469\" srcset=\"https:\/\/diarioregionaldigital.com.br\/wp-content\/uploads\/2018\/06\/fotoh-4-e1528492901138.jpg 960w, https:\/\/diarioregionaldigital.com.br\/wp-content\/uploads\/2018\/06\/fotoh-4-e1528492901138-300x207.jpg 300w, https:\/\/diarioregionaldigital.com.br\/wp-content\/uploads\/2018\/06\/fotoh-4-e1528492901138-768x530.jpg 768w, https:\/\/diarioregionaldigital.com.br\/wp-content\/uploads\/2018\/06\/fotoh-4-e1528492901138-360x248.jpg 360w, https:\/\/diarioregionaldigital.com.br\/wp-content\/uploads\/2018\/06\/fotoh-4-e1528492901138-100x70.jpg 100w\" sizes=\"auto, (max-width: 680px) 100vw, 680px\" \/><p id=\"caption-attachment-107372\" class=\"wp-caption-text\">Fazendo pit-stop no Rocket Pub &amp; Louge, o moreno sensa\u00e7\u00e3o Wally<\/p><\/div>\n<div id=\"attachment_107373\" style=\"width: 690px\" class=\"wp-caption aligncenter\"><img loading=\"lazy\" decoding=\"async\" aria-describedby=\"caption-attachment-107373\" class=\"wp-image-107373\" src=\"http:\/\/diarioregionaljf.com.br\/wp-content\/uploads\/2018\/06\/fotoi-4.jpg\" alt=\"\" width=\"680\" height=\"330\" srcset=\"https:\/\/diarioregionaldigital.com.br\/wp-content\/uploads\/2018\/06\/fotoi-4.jpg 1280w, https:\/\/diarioregionaldigital.com.br\/wp-content\/uploads\/2018\/06\/fotoi-4-300x146.jpg 300w, https:\/\/diarioregionaldigital.com.br\/wp-content\/uploads\/2018\/06\/fotoi-4-768x373.jpg 768w, https:\/\/diarioregionaldigital.com.br\/wp-content\/uploads\/2018\/06\/fotoi-4-1024x498.jpg 1024w, https:\/\/diarioregionaldigital.com.br\/wp-content\/uploads\/2018\/06\/fotoi-4-360x175.jpg 360w\" sizes=\"auto, (max-width: 680px) 100vw, 680px\" \/><p id=\"caption-attachment-107373\" class=\"wp-caption-text\">Recebendo o T\u00edtulo de Cidad\u00e3o Honor\u00e1rio de JF, o professor Paulo S\u00e9rgio Morse (Universo), com os vereadores Adriano Miranda, Sheyla Oliveira, Charlles Evangelista e Vagner Oliveira<\/p><\/div>\n<div id=\"attachment_107377\" style=\"width: 690px\" class=\"wp-caption aligncenter\"><img loading=\"lazy\" decoding=\"async\" aria-describedby=\"caption-attachment-107377\" class=\"wp-image-107377\" src=\"http:\/\/diarioregionaljf.com.br\/wp-content\/uploads\/2018\/06\/fotoc-5-e1528492942466.jpg\" alt=\"\" width=\"680\" height=\"511\" srcset=\"https:\/\/diarioregionaldigital.com.br\/wp-content\/uploads\/2018\/06\/fotoc-5-e1528492942466.jpg 798w, https:\/\/diarioregionaldigital.com.br\/wp-content\/uploads\/2018\/06\/fotoc-5-e1528492942466-300x226.jpg 300w, https:\/\/diarioregionaldigital.com.br\/wp-content\/uploads\/2018\/06\/fotoc-5-e1528492942466-768x577.jpg 768w, https:\/\/diarioregionaldigital.com.br\/wp-content\/uploads\/2018\/06\/fotoc-5-e1528492942466-360x271.jpg 360w\" sizes=\"auto, (max-width: 680px) 100vw, 680px\" \/><p id=\"caption-attachment-107377\" class=\"wp-caption-text\">Em Icara\u00ed \u2013 Niter\u00f3i a eleg\u00e2ncia de Marnio Jatob\u00e1 e a ex-Miss Brasil Gay Sheila Ver\u00edssimo<\/p><\/div>\n<div id=\"attachment_107392\" style=\"width: 690px\" class=\"wp-caption aligncenter\"><img loading=\"lazy\" decoding=\"async\" aria-describedby=\"caption-attachment-107392\" class=\"wp-image-107392\" src=\"http:\/\/diarioregionaljf.com.br\/wp-content\/uploads\/2018\/06\/fotog-4-e1528492835325.jpg\" alt=\"\" width=\"680\" height=\"573\" srcset=\"https:\/\/diarioregionaldigital.com.br\/wp-content\/uploads\/2018\/06\/fotog-4-e1528492835325.jpg 652w, https:\/\/diarioregionaldigital.com.br\/wp-content\/uploads\/2018\/06\/fotog-4-e1528492835325-300x253.jpg 300w, https:\/\/diarioregionaldigital.com.br\/wp-content\/uploads\/2018\/06\/fotog-4-e1528492835325-360x303.jpg 360w\" sizes=\"auto, (max-width: 680px) 100vw, 680px\" \/><p id=\"caption-attachment-107392\" class=\"wp-caption-text\">O administrador Patrick Marocco, absoluto no inverno de JF<\/p><\/div>\n<div id=\"attachment_107390\" style=\"width: 690px\" class=\"wp-caption aligncenter\"><img loading=\"lazy\" decoding=\"async\" aria-describedby=\"caption-attachment-107390\" class=\"wp-image-107390\" src=\"http:\/\/diarioregionaljf.com.br\/wp-content\/uploads\/2018\/06\/fotoj-4-e1528492792598.jpg\" alt=\"\" width=\"680\" height=\"429\" srcset=\"https:\/\/diarioregionaldigital.com.br\/wp-content\/uploads\/2018\/06\/fotoj-4-e1528492792598.jpg 952w, https:\/\/diarioregionaldigital.com.br\/wp-content\/uploads\/2018\/06\/fotoj-4-e1528492792598-300x189.jpg 300w, https:\/\/diarioregionaldigital.com.br\/wp-content\/uploads\/2018\/06\/fotoj-4-e1528492792598-768x484.jpg 768w, https:\/\/diarioregionaldigital.com.br\/wp-content\/uploads\/2018\/06\/fotoj-4-e1528492792598-360x227.jpg 360w, https:\/\/diarioregionaldigital.com.br\/wp-content\/uploads\/2018\/06\/fotoj-4-e1528492792598-490x310.jpg 490w\" sizes=\"auto, (max-width: 680px) 100vw, 680px\" \/><p id=\"caption-attachment-107390\" class=\"wp-caption-text\">Fechando o domingo com a paz da natureza, os lindos Felipe Nogueira e D\u00e9bora Gonzales<\/p><\/div>\n<p style=\"text-align: center;\"><strong>FOTOSS\u00cdNTESE<\/strong><\/p>\n<p>Hoje, doming\u00e3o, este colunista aponta a Sele\u00e7\u00e3o Brasileira dos mais bonitos da na\u00e7\u00e3o para torcer pelo Brasil na Copa do Mundo. S\u00e3o Eles: Felipe Guzzo (1), Felipe Nogueira (2), Lucas Lorhan (3), Luan Lukerbol (4), Tarc\u00edsio Oliveira (5), Rom\u00e1rio Rodrigues (6), Leonardo Mansur (7), Patrick Marocco (08), Igor Oliveira (09), Josean Pestana (Miracema) (10) e Jesian Costa (Betim) (11). Capit\u00e3o: Ramon Resende.<\/p>\n<p>Elas: Yasmin Marinho (1), Lorena Rodrigues (2), Dany Verpel (3), Larissa Cheuen (4), Veru Campos (5), Patr\u00edcia Alvim (6), Larissa Bruna (7), Mariana Ghedin (8), Renata Schenberg (9) D\u00e9bora Gonzales (10) e Laila Ba\u00eata (11). Capit\u00e3: Virg\u00ednia Ol\u00edmpio.<\/p>\n<p>Aniversariando hoje, 10, o estagi\u00e1rio tricolor do SIRCOM, Vitor Biscotto. Parab\u00e9ns.<\/p>\n<p>Esfor\u00e7ado e bonit\u00e3o, o coach Kaio Juliani faz sucesso com a Herbalife Nutri\u00e7\u00e3o, com seu ponto EVS Master Fit, na rua Batista de Oliveira, 793\/sala 01, de 2\u00aa a 6\u00aa, de 10 \u00e0s 16h.<\/p>\n<p>A professora Adriana Franco anuncia as aulas de Samba de Gafieira, com in\u00edcio em 18 de junho, no Balliano Espa\u00e7o de Dan\u00e7a, na rua Marechal Deodoro, 385\/101.<\/p>\n<p>Renato Miranda lan\u00e7ou na Fibratech seu terceiro livro \u201cFluxo e comportamento humano: uma psicologia para o esporte\u201d.<\/p>\n<p>Para gritar: O Festival Sabores da Serra, vai movimentar Ibitipoca entre 20 e 22 de outubro.<\/p>\n<p>Neste domingo, 10, tem Feijoada do IMEPP, \u00e0s 13h, no Privil\u00e9ge, com show de Sandra Portella e Bachar\u00e9is do Samba.<\/p>\n<p>Bituca, Universidade de M\u00fasica Popular, em Barbacena, retoma as atividades e abre inscri\u00e7\u00f5es para novas turmas.<\/p>\n<p>Lembrando sempre: Acertando no ponto, nossa vida pode ser plena podendo conseguir resultados interessantes. Bom dia!<\/p>\n<p><img loading=\"lazy\" decoding=\"async\" class=\"alignnone wp-image-107239 size-full\" src=\"http:\/\/diarioregionaljf.com.br\/wp-content\/uploads\/2018\/06\/Dia-dos-Namorados_6x6-2.jpg\" alt=\"\" width=\"3489\" height=\"712\" srcset=\"https:\/\/diarioregionaldigital.com.br\/wp-content\/uploads\/2018\/06\/Dia-dos-Namorados_6x6-2.jpg 3489w, https:\/\/diarioregionaldigital.com.br\/wp-content\/uploads\/2018\/06\/Dia-dos-Namorados_6x6-2-300x61.jpg 300w, https:\/\/diarioregionaldigital.com.br\/wp-content\/uploads\/2018\/06\/Dia-dos-Namorados_6x6-2-768x157.jpg 768w, https:\/\/diarioregionaldigital.com.br\/wp-content\/uploads\/2018\/06\/Dia-dos-Namorados_6x6-2-1024x209.jpg 1024w, https:\/\/diarioregionaldigital.com.br\/wp-content\/uploads\/2018\/06\/Dia-dos-Namorados_6x6-2-360x73.jpg 360w\" sizes=\"auto, (max-width: 3489px) 100vw, 3489px\" \/><\/p>\n","protected":false},"excerpt":{"rendered":"<p>L\u00e1 longe Usando sua por\u00e7\u00e3o d\u00f3-r\u00e9-mi-f\u00e1, o instrumentista e cantor Fernando Gaio faz shows na Su\u00ed\u00e7a e na It\u00e1lia. A temporada de sucesso completa dois anos e com muitos aplausos, ele tem agenda cheia at\u00e9 agosto, em festivais e restaurantes. Celebrando O advogado Jos\u00e9 L\u00facio Fernandes, flamenguista fervoroso, sempre prestigia os amigos rubro-negros. Recentemente esteve [&hellip;]<\/p>\n","protected":false},"author":96,"featured_media":107480,"comment_status":"closed","ping_status":"closed","sticky":false,"template":"","format":"standard","meta":{"footnotes":""},"categories":[264],"tags":[],"class_list":["post-107382","post","type-post","status-publish","format-standard","has-post-thumbnail","hentry","category-eduardo-gomes"],"_links":{"self":[{"href":"https:\/\/diarioregionaldigital.com.br\/index.php?rest_route=\/wp\/v2\/posts\/107382","targetHints":{"allow":["GET"]}}],"collection":[{"href":"https:\/\/diarioregionaldigital.com.br\/index.php?rest_route=\/wp\/v2\/posts"}],"about":[{"href":"https:\/\/diarioregionaldigital.com.br\/index.php?rest_route=\/wp\/v2\/types\/post"}],"author":[{"embeddable":true,"href":"https:\/\/diarioregionaldigital.com.br\/index.php?rest_route=\/wp\/v2\/users\/96"}],"replies":[{"embeddable":true,"href":"https:\/\/diarioregionaldigital.com.br\/index.php?rest_route=%2Fwp%2Fv2%2Fcomments&post=107382"}],"version-history":[{"count":0,"href":"https:\/\/diarioregionaldigital.com.br\/index.php?rest_route=\/wp\/v2\/posts\/107382\/revisions"}],"wp:featuredmedia":[{"embeddable":true,"href":"https:\/\/diarioregionaldigital.com.br\/index.php?rest_route=\/wp\/v2\/media\/107480"}],"wp:attachment":[{"href":"https:\/\/diarioregionaldigital.com.br\/index.php?rest_route=%2Fwp%2Fv2%2Fmedia&parent=107382"}],"wp:term":[{"taxonomy":"category","embeddable":true,"href":"https:\/\/diarioregionaldigital.com.br\/index.php?rest_route=%2Fwp%2Fv2%2Fcategories&post=107382"},{"taxonomy":"post_tag","embeddable":true,"href":"https:\/\/diarioregionaldigital.com.br\/index.php?rest_route=%2Fwp%2Fv2%2Ftags&post=107382"}],"curies":[{"name":"wp","href":"https:\/\/api.w.org\/{rel}","templated":true}]}}