{"id":107379,"date":"2018-06-10T06:00:11","date_gmt":"2018-06-10T09:00:11","guid":{"rendered":"http:\/\/diarioregionaljf.com.br\/?p=107379"},"modified":"2018-06-08T16:47:19","modified_gmt":"2018-06-08T19:47:19","slug":"os-bispos-falam-sobre-eleicoes","status":"publish","type":"post","link":"https:\/\/diarioregionaldigital.com.br\/?p=107379","title":{"rendered":"Os Bispos falam sobre elei\u00e7\u00f5es"},"content":{"rendered":"<p>As elei\u00e7\u00f5es se aproximam. Talvez nunca tenhamos experimentado, na hist\u00f3ria do Brasil, um momento t\u00e3o incerto como o atual. Encaminho aqui a Mensagem que n\u00f3s, os bispos dos Estados de Minas e Esp\u00edrito Santo fizemos, com intuito de ajudar a cada um, na busca de dias melhores. Por ter sido assinada no dia de S\u00e3o Bonif\u00e1cio, Bispo e m\u00e1rtir do s\u00e9culo VIII, o texto inicia-se com a seguinte cita\u00e7\u00e3o: \u201cN\u00e3o sejamos c\u00e3es mudos, n\u00e3o sejamos sentinelas caladas, n\u00e3o sejamos mercen\u00e1rios que fogem dos lobos, mas pastores sol\u00edcitos, vigilantes sobre o rebanho de Cristo. Enquanto Deus nos der for\u00e7as, preguemos toda a doutrina do Senhor ao grande e ao pequeno, ao rico e ao pobre, e a todas as classes e idades, oportuna e inoportunamente\u201d. (S\u00e3o Bonif\u00e1cio, Bispo e M\u00e1rtir)<\/p>\n<p>A seguir a mensagem: \u201cN\u00f3s, os Bispos das (Arqui)dioceses de Minas Gerais e do Esp\u00edrito Santo, reunidos na Assembleia do Conselho Regional de Pastoral, junto ao Santu\u00e1rio Bas\u00edlica de Nossa Senhora da Piedade, na Serra da Piedade, agradecemos a Deus e alegramo-nos com a presen\u00e7a fecunda, criativa e mission\u00e1ria dos presb\u00edteros, di\u00e1conos, religiosos e religiosas, crist\u00e3os leigos e leigas em nossas comunidades, rezamos pela nossa amada P\u00e1tria e olhamos com esperan\u00e7a este momento eleitoral que estamos para viver.<\/p>\n<p>Apesar dos muitos elementos negativos no cen\u00e1rio pol\u00edtico nacional, como a corrup\u00e7\u00e3o, as oligarquias pol\u00edticas, o carreirismo pol\u00edtico, a abund\u00e2ncia de partidos e a falta de identidade partid\u00e1ria, vemos com grande esperan\u00e7a e valor o poder de decis\u00e3o que est\u00e1 nas m\u00e3os do povo, pela via democr\u00e1tica do voto. \u00c9 preciso votar! Campanhas em contr\u00e1rio podem gerar resultados inesperados, pois o voto em branco, o voto nulo e as absten\u00e7\u00f5es n\u00e3o invalidam elei\u00e7\u00f5es. \u00c9 preciso saber disto e fazer valer a responsabilidade social pela escolha dos futuros servidores da P\u00e1tria: Presidente da Rep\u00fablica, Governadores, Senadores, Deputados Federais e Deputados Estaduais. Os eleitos interferir\u00e3o de maneira decisiva na constru\u00e7\u00e3o da nossa Na\u00e7\u00e3o nos pr\u00f3ximos anos.<\/p>\n<p>Diante desta realidade, com esperan\u00e7a, propomos que cada cidad\u00e3o e cidad\u00e3 fa\u00e7a um discernimento s\u00e9rio, superando o desinteresse pela pol\u00edtica, desenvolvendo, assim, uma sensibilidade social capaz de vencer a apatia e a indiferen\u00e7a que levam a qualquer escolha. Pois, quando assumimos um compromisso social amplo, rompemos com os interesses corporativos, seletivos e excludentes.<\/p>\n<p>Neste encontro, nos comprometemos em contribuir na forma\u00e7\u00e3o da consci\u00eancia pol\u00edtica, do valor do voto, da import\u00e2ncia da participa\u00e7\u00e3o de crist\u00e3os leigos e leigas maduros e preparados no processo eleitoral e do acompanhamento de seus mandatos. A fim de que isto aconte\u00e7a, produziremos conte\u00fados formativos, a partir da Doutrina Social da Igreja, para as m\u00eddias, a saber, TV, r\u00e1dio, impressos, redes sociais, para ajudar a compreender e a interferir neste momento t\u00e3o oportuno e importante de exerc\u00edcio da democracia.<\/p>\n<p>N\u00e3o queremos e n\u00e3o vamos nos sobrepor \u00e0s consci\u00eancias, indicando em quem votar, mas nos comprometemos em oferecer elementos e subs\u00eddios para o necess\u00e1rio discernimento neste contexto eleitoral. O Evangelho, fonte inspiradora da Doutrina Social da Igreja, \u00e9 o crit\u00e9rio a partir do qual queremos pensar a pol\u00edtica e os pol\u00edticos. Nossa f\u00e9 nos faz olhar para Jesus Cristo, o Verbo Encarnado de Deus, que assumiu, na sua carne, tudo o que \u00e9 verdadeiramente humano; olhar para o Evangelho, nossa Verdade; e olhar para o Reino, que desejamos \u201cvenha a n\u00f3s\u201d. Da\u00ed pensaremos o Brasil e queremos constru\u00ed-lo a partir do Projeto de Deus.<\/p>\n<p>Nosso tempo \u00e9 dif\u00edcil, complexo, fragmentado; por isso, n\u00e3o podemos tratar esta bela via da grande caridade, que \u00e9 a pol\u00edtica, com descaso e desinteresse. Quando n\u00e3o nos preocupamos com a pol\u00edtica, algu\u00e9m saber\u00e1 usar dela em benef\u00edcio pr\u00f3prio ou em favor de grupos que excluem os mais pobres, fazendo crescer a corrup\u00e7\u00e3o e a exclus\u00e3o social.<\/p>\n<p>N\u00e3o podemos ficar ap\u00e1ticos! N\u00e3o podemos vender nosso voto! N\u00e3o podemos deixar de votar! N\u00e3o podemos tomar atitudes que favorecer\u00e3o \u00e0 \u201dvelha\u201d pol\u00edtica! N\u00e3o podemos ceder a quem queira enfraquecer e violar o regime democr\u00e1tico!<\/p>\n<p>Convidamos a todos a olhar este momento com esperan\u00e7a e otimismo. \u00c9 hora de escolher quem vai dirigir o Brasil e nossos Estados, quem vai nos representar nas inst\u00e2ncias mais altas da democracia, quem vai produzir nossas leis e fiscalizar nossos governantes.<\/p>\n<p>Que a Virgem da Piedade e da Penha nos ensine a pensar nosso Pa\u00eds como uma casa de irm\u00e3s e irm\u00e3os, comprometendo-nos com atitudes que nos levem a pensar, agir e votar, desejando vida plena e digna para todos. Santu\u00e1rio Bas\u00edlica da Piedade, Caet\u00e9, 05 de junho, mem\u00f3ria do m\u00e1rtir S\u00e3o Bonif\u00e1cio, de 2018.\u201d<\/p>\n<p>A todos desejo que esta mensagem ajude no momento de votar.<\/p>\n","protected":false},"excerpt":{"rendered":"<p>As elei\u00e7\u00f5es se aproximam. Talvez nunca tenhamos experimentado, na hist\u00f3ria do Brasil, um momento t\u00e3o incerto como o atual. Encaminho aqui a Mensagem que n\u00f3s, os bispos dos Estados de Minas e Esp\u00edrito Santo fizemos, com intuito de ajudar a cada um, na busca de dias melhores. Por ter sido assinada no dia de S\u00e3o [&hellip;]<\/p>\n","protected":false},"author":96,"featured_media":97694,"comment_status":"closed","ping_status":"closed","sticky":false,"template":"","format":"standard","meta":{"footnotes":""},"categories":[276],"tags":[],"class_list":["post-107379","post","type-post","status-publish","format-standard","has-post-thumbnail","hentry","category-dom-gil"],"_links":{"self":[{"href":"https:\/\/diarioregionaldigital.com.br\/index.php?rest_route=\/wp\/v2\/posts\/107379","targetHints":{"allow":["GET"]}}],"collection":[{"href":"https:\/\/diarioregionaldigital.com.br\/index.php?rest_route=\/wp\/v2\/posts"}],"about":[{"href":"https:\/\/diarioregionaldigital.com.br\/index.php?rest_route=\/wp\/v2\/types\/post"}],"author":[{"embeddable":true,"href":"https:\/\/diarioregionaldigital.com.br\/index.php?rest_route=\/wp\/v2\/users\/96"}],"replies":[{"embeddable":true,"href":"https:\/\/diarioregionaldigital.com.br\/index.php?rest_route=%2Fwp%2Fv2%2Fcomments&post=107379"}],"version-history":[{"count":0,"href":"https:\/\/diarioregionaldigital.com.br\/index.php?rest_route=\/wp\/v2\/posts\/107379\/revisions"}],"wp:featuredmedia":[{"embeddable":true,"href":"https:\/\/diarioregionaldigital.com.br\/index.php?rest_route=\/wp\/v2\/media\/97694"}],"wp:attachment":[{"href":"https:\/\/diarioregionaldigital.com.br\/index.php?rest_route=%2Fwp%2Fv2%2Fmedia&parent=107379"}],"wp:term":[{"taxonomy":"category","embeddable":true,"href":"https:\/\/diarioregionaldigital.com.br\/index.php?rest_route=%2Fwp%2Fv2%2Fcategories&post=107379"},{"taxonomy":"post_tag","embeddable":true,"href":"https:\/\/diarioregionaldigital.com.br\/index.php?rest_route=%2Fwp%2Fv2%2Ftags&post=107379"}],"curies":[{"name":"wp","href":"https:\/\/api.w.org\/{rel}","templated":true}]}}