{"id":107378,"date":"2018-06-10T06:00:59","date_gmt":"2018-06-10T09:00:59","guid":{"rendered":"http:\/\/diarioregionaljf.com.br\/?p=107378"},"modified":"2018-08-09T19:32:21","modified_gmt":"2018-08-09T22:32:21","slug":"contemple-apenas-o-bem-2","status":"publish","type":"post","link":"https:\/\/diarioregionaldigital.com.br\/?p=107378","title":{"rendered":"Contemple Apenas o Bem"},"content":{"rendered":"<p style=\"text-align: center;\"><strong>Contemple apenas o Bem<\/strong><\/p>\n<p style=\"text-align: center;\">Acredite na essencial bondade de todas as pessoas com as quais voc\u00ea ir\u00e1 deparar durante o dia de hoje. Por mais desagrad\u00e1vel que seja o aspecto com que uma pessoa se apresente diante de voc\u00ea, n\u00e3o a odeie nem a despreze. Em vez disso, creia que o aspecto desagrad\u00e1vel dessa pessoa \u00e9 o reflexo de algum pensamento desprez\u00edvel que voc\u00ea mesmo abriga \u2013 ou abrigou no passado em algum cantinho de sua mente, e examine a si mesmo. E, contemplando com os olhos da mente a Imagem Verdadeira que existe no \u00e2mago dessa pessoa, reverencie-o.<br \/>\nSeja rigoroso consigo mesmo e generoso com os outros, mas n\u00e3o com a presun\u00e7\u00e3o de que voc\u00ea \u00e9 suficientemente forte para suportar o rigor, ao passo que os outros n\u00e3o o s\u00e3o. Seja severo consigo mesmo, admitindo que, se n\u00e3o consegue enxergar a perfei\u00e7\u00e3o que existe desde o princ\u00edpio em todas as pessoas, \u00e9 porque voc\u00ea pr\u00f3prio mant\u00e9m turvos os seus olhos da mente. Isto \u00e9, voc\u00ea deve ser rigoroso consigo mesmo a fim de reconhecer os erros que vinha cometendo, e com isso libertar-se deles.<br \/>\nNo caso de apontar os erros de uma pessoa com o intuito de regener\u00e1-la, n\u00e3o o fa\u00e7a em tom col\u00e9rico e com a fisionomia carregada de ira. \u00c9 melhor ficar calado do que apontar os erros de algu\u00e9m com tal atitude.<br \/>\nSomente quando voc\u00ea tomar-se capaz de compreender a pessoa e chorar por ela, voc\u00ea conseguir\u00e1 regener\u00e1-la sem que ela se sinta recriminada, ainda que voc\u00ea lhe aponte os erros. O ser humano, quando se sente recriminado, fecha-se dentro de si mesmo e recusa-se a aceitar o conselho.<\/p>\n<p><strong>\u00a0Em Busca de uma Vida Pura<\/strong><br \/>\nAmor \u00e9 o sentimento de que \u201ceu\u201d e \u201cos outros\u201d somos \u201cum\u201d. Fisicamente, cada indiv\u00edduo \u00e9 um ser separado dos outros. Entretanto, por detr\u00e1s desse aspecto externo, todos os seres constituem uma unidade insepar\u00e1vel, pois fluem neles a mesma Vida. Amar \u00e9 compreender isso intuitivamente, sentir pelo pr\u00f3ximo uma profunda ternura, o desejo de content\u00e1-lo, e a vontade de lhe dedicar tudo que \u00e9 bom. O amor mais amplo \u00e9 aquele dirigido indiscriminadamente a todos os seres viventes; \u00e9 aquele em que a pessoa, sentindo em todos os seres vivos a mesma Vida que flui dentro de si, n\u00e3o pode deixar de respeitar e querer proteger todas as criaturas. Os antigos santos eram pessoas que tinham esse amor sublime. N\u00f3s, homens comuns, que n\u00e3o hesitamos em comer carne (bovina, su\u00edna etc.), aves e peixes, somos seres cru\u00e9is que n\u00e3o chegamos sequer aos p\u00e9s daqueles santos. Eu, pessoalmente, sinto vergonha disso e fa\u00e7o o poss\u00edvel para n\u00e3o me alimentar de carnes, aves e peixes. Recordando os meus tempos de jovem em que, puramente idealista, recusava terminantemente a carne na alimenta\u00e7\u00e3o, sinto vontade de voltar a ser como outrora. Mas, na vida pr\u00e1tica, \u00e0s vezes \u00e9 imposs\u00edvel recusar alimentos preparados com carnes, peixes e similares.<\/p>\n","protected":false},"excerpt":{"rendered":"<p>Contemple apenas o Bem Acredite na essencial bondade de todas as pessoas com as quais voc\u00ea ir\u00e1 deparar durante o dia de hoje. Por mais desagrad\u00e1vel que seja o aspecto com que uma pessoa se apresente diante de voc\u00ea, n\u00e3o a odeie nem a despreze. Em vez disso, creia que o aspecto desagrad\u00e1vel dessa pessoa [&hellip;]<\/p>\n","protected":false},"author":96,"featured_media":0,"comment_status":"closed","ping_status":"closed","sticky":false,"template":"","format":"standard","meta":{"footnotes":""},"categories":[263],"tags":[],"class_list":["post-107378","post","type-post","status-publish","format-standard","hentry","category-jane-aragao"],"_links":{"self":[{"href":"https:\/\/diarioregionaldigital.com.br\/index.php?rest_route=\/wp\/v2\/posts\/107378","targetHints":{"allow":["GET"]}}],"collection":[{"href":"https:\/\/diarioregionaldigital.com.br\/index.php?rest_route=\/wp\/v2\/posts"}],"about":[{"href":"https:\/\/diarioregionaldigital.com.br\/index.php?rest_route=\/wp\/v2\/types\/post"}],"author":[{"embeddable":true,"href":"https:\/\/diarioregionaldigital.com.br\/index.php?rest_route=\/wp\/v2\/users\/96"}],"replies":[{"embeddable":true,"href":"https:\/\/diarioregionaldigital.com.br\/index.php?rest_route=%2Fwp%2Fv2%2Fcomments&post=107378"}],"version-history":[{"count":0,"href":"https:\/\/diarioregionaldigital.com.br\/index.php?rest_route=\/wp\/v2\/posts\/107378\/revisions"}],"wp:attachment":[{"href":"https:\/\/diarioregionaldigital.com.br\/index.php?rest_route=%2Fwp%2Fv2%2Fmedia&parent=107378"}],"wp:term":[{"taxonomy":"category","embeddable":true,"href":"https:\/\/diarioregionaldigital.com.br\/index.php?rest_route=%2Fwp%2Fv2%2Fcategories&post=107378"},{"taxonomy":"post_tag","embeddable":true,"href":"https:\/\/diarioregionaldigital.com.br\/index.php?rest_route=%2Fwp%2Fv2%2Ftags&post=107378"}],"curies":[{"name":"wp","href":"https:\/\/api.w.org\/{rel}","templated":true}]}}