{"id":107354,"date":"2018-06-10T06:00:30","date_gmt":"2018-06-10T09:00:30","guid":{"rendered":"http:\/\/diarioregionaljf.com.br\/?p=107354"},"modified":"2018-06-08T16:21:38","modified_gmt":"2018-06-08T19:21:38","slug":"in-moda-especial-dia-dos-namorados","status":"publish","type":"post","link":"https:\/\/diarioregionaldigital.com.br\/?p=107354","title":{"rendered":"IN MODA &#8211; Especial Dia dos Namorados"},"content":{"rendered":"<p style=\"text-align: center;\"><span style=\"font-size: 18pt;\"><strong>O AMOR \u00c9 FASHION!<\/strong><\/span><\/p>\n<p>H\u00e1 muito tempo, as namoradas j\u00e1 roubaram do arm\u00e1rio deles pe\u00e7as fashionistas. Com o dia dos namorados chegando, vale dar uma namoradinha na moda deles!<\/p>\n<p><strong>#MOLETOM<\/strong><\/p>\n<p>O queridinho do inverno \u00e9 o item mais compartilhado entre os casais, pe\u00e7a democr\u00e1tica do arm\u00e1rio vale apostar na pega hi-lo na hora de compor o look.<\/p>\n<p><strong>#GRAVATA<\/strong><\/p>\n<p>Um acess\u00f3rio tipicamente masculino pode ser adotado por elas nos looks mais fashionistas. Para criar um ar andr\u00f3gino, use cal\u00e7as; para looks rom\u00e2nticos aposte em saias ou\u00a0vestidos. Procure por n\u00f3s que voc\u00ea se identifique ou fa\u00e7a apenas um meio la\u00e7o. Use a pe\u00e7a em contato com o pesco\u00e7o, com o n\u00f3 frouxo, por dentro de uma camisa com os primeiros bot\u00f5es abertos.<\/p>\n<div id=\"attachment_107355\" style=\"width: 730px\" class=\"wp-caption alignnone\"><img loading=\"lazy\" decoding=\"async\" aria-describedby=\"caption-attachment-107355\" class=\"size-full wp-image-107355\" src=\"http:\/\/diarioregionaljf.com.br\/wp-content\/uploads\/2018\/06\/FOTO-1.jpg\" alt=\"\" width=\"720\" height=\"479\" srcset=\"https:\/\/diarioregionaldigital.com.br\/wp-content\/uploads\/2018\/06\/FOTO-1.jpg 720w, https:\/\/diarioregionaldigital.com.br\/wp-content\/uploads\/2018\/06\/FOTO-1-300x200.jpg 300w, https:\/\/diarioregionaldigital.com.br\/wp-content\/uploads\/2018\/06\/FOTO-1-360x240.jpg 360w\" sizes=\"auto, (max-width: 720px) 100vw, 720px\" \/><p id=\"caption-attachment-107355\" class=\"wp-caption-text\">O casal Luana Nogueira e Marcelo Marte, influenciados pela cultura HIP-HOP, dividem o arm\u00e1rio.<\/p><\/div>\n<p><strong>#JAQUETA<\/strong><br \/>\nUm cl\u00e1ssico dos anos 90, as jaquetas oversized voltaram com tudo. Vale pegar no arm\u00e1rio dele aquela jaqueta jeans bacana e montar uma produ\u00e7\u00e3o com roupas mais ajustadas compondo um look mais feminino para dar um visual mais descontra\u00eddo.<\/p>\n<p><strong>#<\/strong><strong>CAL\u00c7A JOGGING<\/strong><\/p>\n<p>O estilo esportivo \u00e9 de longe, o preferido deles. Uma boa op\u00e7\u00e3o \u00e9 a cal\u00e7a tipo jogging &#8211; aquela, com punhos nas barras que est\u00e1 super na moda! O modelo j\u00e1 conquistou a cena do streetstyle, importada direto do mundo dos esportes. Esportiva e fashion ao mesmo tempo!<\/p>\n<div id=\"attachment_107356\" style=\"width: 687px\" class=\"wp-caption alignnone\"><img loading=\"lazy\" decoding=\"async\" aria-describedby=\"caption-attachment-107356\" class=\"size-full wp-image-107356\" src=\"http:\/\/diarioregionaljf.com.br\/wp-content\/uploads\/2018\/06\/FOTO-2.jpg\" alt=\"\" width=\"677\" height=\"443\" srcset=\"https:\/\/diarioregionaldigital.com.br\/wp-content\/uploads\/2018\/06\/FOTO-2.jpg 677w, https:\/\/diarioregionaldigital.com.br\/wp-content\/uploads\/2018\/06\/FOTO-2-300x196.jpg 300w, https:\/\/diarioregionaldigital.com.br\/wp-content\/uploads\/2018\/06\/FOTO-2-360x236.jpg 360w\" sizes=\"auto, (max-width: 677px) 100vw, 677px\" \/><p id=\"caption-attachment-107356\" class=\"wp-caption-text\">Naaira Aline e seu par , Vitor Brito, fashionistas e adeptos a &#8220;roupa que casa&#8221;.<\/p><\/div>\n<p><strong>#PE\u00c7A DE ALFAIATARIA<\/strong><\/p>\n<p>Vale dar uma espiada no arm\u00e1rio dele e buscar uma pe\u00e7a de alfaiataria bem bacana! As camisas podem ser usadas de diversas maneiras e de forma bem feminina. Procure tamb\u00e9m por blazers e coletes bem cortados e use de forma despojada.<\/p>\n<p><strong>#AZUL<\/strong><\/p>\n<p>Nos mais variados tons, o azul ocupa 90% do arm\u00e1rio deles. E a cor est\u00e1 com tudo nesta temporada, colorindo looks e acess\u00f3rios.\u00a0O azul claro, derivado dos tons pastel combina com tudo e seu ar retr\u00f4 garante o charme extra.<\/p>\n<div id=\"attachment_107357\" style=\"width: 760px\" class=\"wp-caption alignnone\"><img loading=\"lazy\" decoding=\"async\" aria-describedby=\"caption-attachment-107357\" class=\"size-full wp-image-107357\" src=\"http:\/\/diarioregionaljf.com.br\/wp-content\/uploads\/2018\/06\/FOTO-03.jpg\" alt=\"\" width=\"750\" height=\"739\" srcset=\"https:\/\/diarioregionaldigital.com.br\/wp-content\/uploads\/2018\/06\/FOTO-03.jpg 750w, https:\/\/diarioregionaldigital.com.br\/wp-content\/uploads\/2018\/06\/FOTO-03-300x296.jpg 300w, https:\/\/diarioregionaldigital.com.br\/wp-content\/uploads\/2018\/06\/FOTO-03-360x355.jpg 360w, https:\/\/diarioregionaldigital.com.br\/wp-content\/uploads\/2018\/06\/FOTO-03-80x80.jpg 80w\" sizes=\"auto, (max-width: 750px) 100vw, 750px\" \/><p id=\"caption-attachment-107357\" class=\"wp-caption-text\">Bia Jacomini e seu namorido, Jo\u00e3o Pedro. A blogueira abusa do guarda roupas do marido.<\/p><\/div>\n<blockquote>\n<p style=\"text-align: center;\"><em>\u201cUma mulher precisa de apenas duas coisas na vida: um vestido preto e um homem que a ame<\/em>.\u201d\u00a0Coco Chanel<\/p>\n<\/blockquote>\n<hr \/>\n<p style=\"text-align: center;\"><strong><span style=\"font-size: 18pt;\">FASHION NEWS<\/span><\/p>\n<p><\/strong><\/p>\n<p><strong>TRISTE ADEUS<br \/>\n<\/strong>Not\u00edcia triste para o mundo da moda. Nesta ter\u00e7a feira, dia 5 de junho, a estilista americana, Kate Spade, com 55 anos de idade, foi encontrada morta em seu apartamento. A estilista fez muito sucesso nos anos 90, com cria\u00e7\u00f5es sessentistas e divertidas, e o carro chefe de sua marca sempre foram os acess\u00f3rios. Kate certamente far\u00e1 falta em nosso universo, e o In Moda presta sua homenagem.<strong><\/p>\n<p><\/strong><\/p>\n<p><strong>HERING<br \/>\n<\/strong>A marca acaba de lan\u00e7ar uma cole\u00e7\u00e3o especialmente para o dia dos namorados em parceria com o poeta, Jo\u00e3o Doederlein. S\u00e3o cinco camisas produzidas nas cores preto e branco estampando as palavras Doederlein.<\/p>\n<p><img loading=\"lazy\" decoding=\"async\" class=\"size-full wp-image-107358 aligncenter\" src=\"http:\/\/diarioregionaljf.com.br\/wp-content\/uploads\/2018\/06\/HERING.jpg\" alt=\"\" width=\"1024\" height=\"993\" srcset=\"https:\/\/diarioregionaldigital.com.br\/wp-content\/uploads\/2018\/06\/HERING.jpg 1024w, https:\/\/diarioregionaldigital.com.br\/wp-content\/uploads\/2018\/06\/HERING-300x291.jpg 300w, https:\/\/diarioregionaldigital.com.br\/wp-content\/uploads\/2018\/06\/HERING-768x745.jpg 768w, https:\/\/diarioregionaldigital.com.br\/wp-content\/uploads\/2018\/06\/HERING-360x349.jpg 360w\" sizes=\"auto, (max-width: 1024px) 100vw, 1024px\" \/><\/p>\n<p>&nbsp;<\/p>\n<p><strong>BRUMAR<br \/>\n<\/strong>O casal mais amado do Brasil, estampa a cole\u00e7\u00e3o c\u00e1psula de Dia dos Namorados da C&amp;A. A cole\u00e7\u00e3o traz roupas intimas pra ele e pra ela e os v\u00eddeos da campanha viraram febre nesta semana que precede o dia doze.<\/p>\n<p><img loading=\"lazy\" decoding=\"async\" class=\"alignnone size-full wp-image-107359\" src=\"http:\/\/diarioregionaljf.com.br\/wp-content\/uploads\/2018\/06\/BRUMAR.jpg\" alt=\"\" width=\"1024\" height=\"998\" srcset=\"https:\/\/diarioregionaldigital.com.br\/wp-content\/uploads\/2018\/06\/BRUMAR.jpg 1024w, https:\/\/diarioregionaldigital.com.br\/wp-content\/uploads\/2018\/06\/BRUMAR-300x292.jpg 300w, https:\/\/diarioregionaldigital.com.br\/wp-content\/uploads\/2018\/06\/BRUMAR-768x749.jpg 768w, https:\/\/diarioregionaldigital.com.br\/wp-content\/uploads\/2018\/06\/BRUMAR-360x351.jpg 360w\" sizes=\"auto, (max-width: 1024px) 100vw, 1024px\" \/><\/p>\n<hr \/>\n<p style=\"text-align: center;\"><strong><span style=\"font-size: 18pt;\">RADAR JF<\/span><\/strong><\/p>\n<p style=\"text-align: left;\"><strong>PRA PRESENTEAR COM AMOR<br \/>\n<\/strong>Deixou pra comprar o presente do seu parceiro (a) de \u00faltima hora? A Casa da Esquina fez uma parceria com o escritor, Luc\u00e3o, s\u00e3o quatro cart\u00f5es super especiais com seus poemas. Al\u00e9m disso, voc\u00ea pode aproveitar a visita a casa para escolher um presente a partir da sele\u00e7\u00e3o incr\u00edvel das meninas.<br \/>\n<img loading=\"lazy\" decoding=\"async\" class=\"alignnone size-full wp-image-107360\" src=\"http:\/\/diarioregionaljf.com.br\/wp-content\/uploads\/2018\/06\/PRA-PRESENTEAR-COM-AMOR.jpg\" alt=\"\" width=\"1053\" height=\"1280\" srcset=\"https:\/\/diarioregionaldigital.com.br\/wp-content\/uploads\/2018\/06\/PRA-PRESENTEAR-COM-AMOR.jpg 1053w, https:\/\/diarioregionaldigital.com.br\/wp-content\/uploads\/2018\/06\/PRA-PRESENTEAR-COM-AMOR-247x300.jpg 247w, https:\/\/diarioregionaldigital.com.br\/wp-content\/uploads\/2018\/06\/PRA-PRESENTEAR-COM-AMOR-768x934.jpg 768w, https:\/\/diarioregionaldigital.com.br\/wp-content\/uploads\/2018\/06\/PRA-PRESENTEAR-COM-AMOR-842x1024.jpg 842w, https:\/\/diarioregionaldigital.com.br\/wp-content\/uploads\/2018\/06\/PRA-PRESENTEAR-COM-AMOR-360x438.jpg 360w\" sizes=\"auto, (max-width: 1053px) 100vw, 1053px\" \/><\/p>\n<hr \/>\n<p style=\"text-align: center;\"><span style=\"font-size: 18pt;\"><strong>CLICK IN MODA<\/strong><\/span><\/p>\n<p style=\"text-align: center;\">O click de Max Carvalho para Julia Horta e Mateus Corr\u00eaa no clima do amor! Produ\u00e7\u00e3o de JV Costa e beleza de Fernanda Galloletti.<\/p>\n<p><img loading=\"lazy\" decoding=\"async\" class=\"size-full wp-image-107361 aligncenter\" src=\"http:\/\/diarioregionaljf.com.br\/wp-content\/uploads\/2018\/06\/click-in-moda.jpg\" alt=\"\" width=\"853\" height=\"1280\" srcset=\"https:\/\/diarioregionaldigital.com.br\/wp-content\/uploads\/2018\/06\/click-in-moda.jpg 853w, https:\/\/diarioregionaldigital.com.br\/wp-content\/uploads\/2018\/06\/click-in-moda-200x300.jpg 200w, https:\/\/diarioregionaldigital.com.br\/wp-content\/uploads\/2018\/06\/click-in-moda-768x1152.jpg 768w, https:\/\/diarioregionaldigital.com.br\/wp-content\/uploads\/2018\/06\/click-in-moda-682x1024.jpg 682w, https:\/\/diarioregionaldigital.com.br\/wp-content\/uploads\/2018\/06\/click-in-moda-360x540.jpg 360w\" sizes=\"auto, (max-width: 853px) 100vw, 853px\" \/><\/p>\n<p>&nbsp;<\/p>\n<p style=\"text-align: center;\"><strong>COLABORADORAS: MARIANA MATOS E MARIA EDUARDA VER\u00cdSSIMO<\/strong><\/p>\n","protected":false},"excerpt":{"rendered":"<p>O AMOR \u00c9 FASHION! H\u00e1 muito tempo, as namoradas j\u00e1 roubaram do arm\u00e1rio deles pe\u00e7as fashionistas. Com o dia dos namorados chegando, vale dar uma namoradinha na moda deles! #MOLETOM O queridinho do inverno \u00e9 o item mais compartilhado entre os casais, pe\u00e7a democr\u00e1tica do arm\u00e1rio vale apostar na pega hi-lo na hora de compor [&hellip;]<\/p>\n","protected":false},"author":96,"featured_media":107359,"comment_status":"closed","ping_status":"closed","sticky":false,"template":"","format":"standard","meta":{"footnotes":""},"categories":[285],"tags":[],"class_list":["post-107354","post","type-post","status-publish","format-standard","has-post-thumbnail","hentry","category-moda-ana-paula-calixto"],"_links":{"self":[{"href":"https:\/\/diarioregionaldigital.com.br\/index.php?rest_route=\/wp\/v2\/posts\/107354","targetHints":{"allow":["GET"]}}],"collection":[{"href":"https:\/\/diarioregionaldigital.com.br\/index.php?rest_route=\/wp\/v2\/posts"}],"about":[{"href":"https:\/\/diarioregionaldigital.com.br\/index.php?rest_route=\/wp\/v2\/types\/post"}],"author":[{"embeddable":true,"href":"https:\/\/diarioregionaldigital.com.br\/index.php?rest_route=\/wp\/v2\/users\/96"}],"replies":[{"embeddable":true,"href":"https:\/\/diarioregionaldigital.com.br\/index.php?rest_route=%2Fwp%2Fv2%2Fcomments&post=107354"}],"version-history":[{"count":0,"href":"https:\/\/diarioregionaldigital.com.br\/index.php?rest_route=\/wp\/v2\/posts\/107354\/revisions"}],"wp:featuredmedia":[{"embeddable":true,"href":"https:\/\/diarioregionaldigital.com.br\/index.php?rest_route=\/wp\/v2\/media\/107359"}],"wp:attachment":[{"href":"https:\/\/diarioregionaldigital.com.br\/index.php?rest_route=%2Fwp%2Fv2%2Fmedia&parent=107354"}],"wp:term":[{"taxonomy":"category","embeddable":true,"href":"https:\/\/diarioregionaldigital.com.br\/index.php?rest_route=%2Fwp%2Fv2%2Fcategories&post=107354"},{"taxonomy":"post_tag","embeddable":true,"href":"https:\/\/diarioregionaldigital.com.br\/index.php?rest_route=%2Fwp%2Fv2%2Ftags&post=107354"}],"curies":[{"name":"wp","href":"https:\/\/api.w.org\/{rel}","templated":true}]}}