{"id":107341,"date":"2018-06-10T06:00:09","date_gmt":"2018-06-10T09:00:09","guid":{"rendered":"http:\/\/diarioregionaljf.com.br\/?p=107341"},"modified":"2020-11-19T10:15:23","modified_gmt":"2020-11-19T13:15:23","slug":"fuja-do-frio-e-conheca-as-belezas-naturais-das-praias-no-ceara","status":"publish","type":"post","link":"https:\/\/diarioregionaldigital.com.br\/?p=107341","title":{"rendered":"Fuja do frio e conhe\u00e7a as belezas naturais das praias no Cear\u00e1"},"content":{"rendered":"<p>Com o frio castigando a regi\u00e3o, que tal ir curtir uma praia no Cear\u00e1, um dos melhores destinos tur\u00edsticos do pa\u00eds e onde a gente encontra praias bel\u00edssimas para todos os gostos: desertas, com cenogr\u00e1ficos coqueiros, com fal\u00e9sias coloridas; \u00e9 realmente um destino fant\u00e1stico, para quem ainda n\u00e3o foi \u00e9 uma \u00f3tima pedida. Vamos conhecer um pouco.<\/p>\n<p><strong>FORTALEZA<\/strong> \u2013 o clima de hospitalidade \u00e9 o que predomina na cidade. Al\u00e9m disso, o sol ilumina o ano todo as mais exuberantes paisagens, principalmente os verdes-mares. E isso fica ainda mais fascinante com a grandeza das dunas, que circulam as praias fazendo um jogo de tons. Essa \u00e9 a explica\u00e7\u00e3o para o povo cearense ser t\u00e3o alegre, hospitaleiro e, sobretudo, bem- humorado.<\/p>\n<p>Por ser conhecida por ter a segunda-feira mais animada do mundo, n\u00e3o faltam op\u00e7\u00f5es de lazer e divers\u00e3o em Fortaleza. \u00c9 sempre uma nova emo\u00e7\u00e3o conhecer as maravilhas de um buc\u00f3lico centro hist\u00f3rico, pegar um sol na Praia do Futuro, contemplar o p\u00f4r-do-sol na Ponte Met\u00e1lica, caminhar no cal\u00e7ad\u00e3o da Avenida Beira-Mar, ver as jangadas na enseada do Mucuripe, viver a contagiante noite da cidade com todos os seus bares, restaurantes, danceterias e casas de espet\u00e1culo. Essa \u00e9 a Fortaleza do sol forte, do c\u00e9u azul, com atra\u00e7\u00f5es de todos os tipos, a cada hora do dia, sete dias da semana.<\/p>\n<div id=\"attachment_107344\" style=\"width: 1780px\" class=\"wp-caption alignnone\"><img loading=\"lazy\" decoding=\"async\" aria-describedby=\"caption-attachment-107344\" class=\"size-full wp-image-107344\" src=\"http:\/\/diarioregionaljf.com.br\/wp-content\/uploads\/2018\/06\/fortaleza.jpg\" alt=\"\" width=\"1770\" height=\"627\" srcset=\"https:\/\/diarioregionaldigital.com.br\/wp-content\/uploads\/2018\/06\/fortaleza.jpg 1770w, https:\/\/diarioregionaldigital.com.br\/wp-content\/uploads\/2018\/06\/fortaleza-300x106.jpg 300w, https:\/\/diarioregionaldigital.com.br\/wp-content\/uploads\/2018\/06\/fortaleza-768x272.jpg 768w, https:\/\/diarioregionaldigital.com.br\/wp-content\/uploads\/2018\/06\/fortaleza-1024x363.jpg 1024w, https:\/\/diarioregionaldigital.com.br\/wp-content\/uploads\/2018\/06\/fortaleza-360x128.jpg 360w\" sizes=\"auto, (max-width: 1770px) 100vw, 1770px\" \/><p id=\"caption-attachment-107344\" class=\"wp-caption-text\">Fortaleza \u00e9 um dos destinos mais procurados para curtir praias desde as mais afrodis\u00edacas as mais desertas. Foto: Divulga\u00e7\u00e3o<\/p><\/div>\n<p>A cidade de Fortaleza oferece os mais completos e bem equipados espa\u00e7os para feiras, congressos e exposi\u00e7\u00f5es. Entre eles, o Centro de Conven\u00e7\u00f5es do Cear\u00e1 e o Centro Drag\u00e3o do Mar de Arte e Cultura. A ind\u00fastria hoteleira e prestadores de servi\u00e7os fazem um receptivo de alto n\u00edvel, e o aeroporto Internacional tem conex\u00f5es para as principais cidades do Brasil e do mundo.<\/p>\n<p>Ter algumas das praias mais famosas do mundo e todo conforto para receber quem chega n\u00e3o tirou das praias do litoral oeste aquele charme de para\u00edso rec\u00e9m descoberto. Por isso, quem vem aqui sempre tem um bom motivo para voltar. \u00c9 um destino apaixonante em todos os sentidos: sol, praia, esportes, gastronomia e paisagens incr\u00edveis. Vamos conhecer algumas dessas praias?<\/p>\n<p><strong>CUMBUCO<\/strong>, uma das praias mais famosas do Cear\u00e1. Aqui a beleza se revela surpreendente com suas imensas dunas e coqueirais, conquistando turistas nacionais e internacionais. O passeio de buggy \u00e9 um dos mais famosos do Estado com suas curvas, descidas e subidas incr\u00edveis. O passeio de jangada tamb\u00e9m oferece fortes emo\u00e7\u00f5es. Com grande infra-estrutura tur\u00edstica \u00e9 o local perfeito para os amantes dos esportes de aventura.<\/p>\n<p><strong>FLECHEIRAS<\/strong>, conhecida como um excelente local para a pr\u00e1tica de esportes de aventura e tamb\u00e9m pela produ\u00e7\u00e3o de algas usadas na culin\u00e1ria local e em produtos de beleza. Possui excelente infra-estrutura tur\u00edstica e oferece um inesquec\u00edvel passeio de Catamar\u00e3 no Rio Munda\u00fa.<\/p>\n<p><strong>LAGOINHA<\/strong> \u00e9 uma tranquila col\u00f4nia de pescadores. Na chegada, do alto de um Mirante avista-se a exuber\u00e2ncia de Lagoinha, um verdadeiro cart\u00e3o postal. Com pequenas enseadas naturais e mar calmo, a praia chama aten\u00e7\u00e3o pela indiscut\u00edvel beleza c\u00eanica. Lagoinha ainda \u00e9 conhecida por suas jangadas \u00e0 beira-mar, areias brancas e verdes coqueirais que indicam o caminho para o mar.<\/p>\n<div id=\"attachment_107346\" style=\"width: 768px\" class=\"wp-caption alignnone\"><img loading=\"lazy\" decoding=\"async\" aria-describedby=\"caption-attachment-107346\" class=\"size-full wp-image-107346\" src=\"http:\/\/diarioregionaljf.com.br\/wp-content\/uploads\/2018\/06\/mundau.jpg\" alt=\"\" width=\"758\" height=\"456\" srcset=\"https:\/\/diarioregionaldigital.com.br\/wp-content\/uploads\/2018\/06\/mundau.jpg 758w, https:\/\/diarioregionaldigital.com.br\/wp-content\/uploads\/2018\/06\/mundau-300x180.jpg 300w, https:\/\/diarioregionaldigital.com.br\/wp-content\/uploads\/2018\/06\/mundau-360x217.jpg 360w\" sizes=\"auto, (max-width: 758px) 100vw, 758px\" \/><p id=\"caption-attachment-107346\" class=\"wp-caption-text\">Munda\u00fa \u00e9 uma praia do munic\u00edpio de Trairi e \u00e9 conhecido por manter suas caracter\u00edsticas de col\u00f4nia de pescadores e paisagem natural preservada. Foto: Divulga\u00e7\u00e3o<\/p><\/div>\n<p><strong>MUNDA\u00da<\/strong> \u00e9 conhecido por manter suas caracter\u00edsticas de col\u00f4nia de pescadores e paisagem natural preservada. Na chegada avistam-se imensas dunas e pequenas piscinas formadas em mar\u00e9 baixa, um convite ao banho nas \u00e1guas mornas e cristalinas da regi\u00e3o. Outra atra\u00e7\u00e3o imperd\u00edvel \u00e9 o passeio de catamar\u00e3 pelos canais do mangue do Rio Munda\u00fa e pelas dunas m\u00f3veis da regi\u00e3o.<\/p>\n<p><strong>JERICOACOARA<\/strong>, definida pelo Washington Post como \u201cuma das dez melhores praias do mundo\u201d, Jeri est\u00e1 colocada como uma pedra preciosa no cora\u00e7\u00e3o de um o\u00e1sis entre dunas brancas. No meio de um coqueiral, ela \u00e9 um conjunto de belezas variadas: por um lado uma imensa extens\u00e3o litor\u00e2nea, tit\u00e2nicas dunas m\u00f3veis, lagoas de \u00e1gua doce e transparente e praias de enseada com mar calmo, onde a oscila\u00e7\u00e3o das mar\u00e9s cria piscinas naturais mornas. \u201cUm show de harmonia das formas, que inspira a alma e acalma a mente que busca o descanso\u201d. Do outro lado, vento poderoso e ondas fortes moldaram as rochas e pedras coloridas, desenhando discretas praias para tranquilas caminhadas no meio de uma natureza obstinada.<\/p>\n<div id=\"attachment_107345\" style=\"width: 810px\" class=\"wp-caption alignnone\"><img loading=\"lazy\" decoding=\"async\" aria-describedby=\"caption-attachment-107345\" class=\"size-full wp-image-107345\" src=\"http:\/\/diarioregionaljf.com.br\/wp-content\/uploads\/2018\/06\/jijoca.jpg\" alt=\"\" width=\"800\" height=\"494\" srcset=\"https:\/\/diarioregionaldigital.com.br\/wp-content\/uploads\/2018\/06\/jijoca.jpg 800w, https:\/\/diarioregionaldigital.com.br\/wp-content\/uploads\/2018\/06\/jijoca-300x185.jpg 300w, https:\/\/diarioregionaldigital.com.br\/wp-content\/uploads\/2018\/06\/jijoca-768x474.jpg 768w, https:\/\/diarioregionaldigital.com.br\/wp-content\/uploads\/2018\/06\/jijoca-360x222.jpg 360w\" sizes=\"auto, (max-width: 800px) 100vw, 800px\" \/><p id=\"caption-attachment-107345\" class=\"wp-caption-text\">Jijoca de Jericoacoara \u00e9 o munic\u00edpio mais setentrional do estado do Cear\u00e1, que tem como atra\u00e7\u00e3o natural principal a Praia de Jericoacoara. Foto: Divulga\u00e7\u00e3o<\/p><\/div>\n<p>Em Jeri se vive sem sapatos e sem viol\u00eancia: as ruas de pura areia e a aus\u00eancia de carros oferecem a oportunidade ideal para descobrir, na maior tranquilidade, lojas, bares e restaurantes originais. Artesanato local e brasileiro, comida regional e internacional, ritmos e melodias, v\u00e3o pegar o turista em cada canto, como o forr\u00f3 e as enormes fogueiras na praia, para curtir a noite at\u00e9 a madrugada.<\/p>\n<p>O Litoral Leste do Cear\u00e1 \u00e9 um presente para a tranquilidade e uma festa para os sentidos. Faixas de areia branca e fal\u00e9sias coloridas. Mar calmo e de poucas ondas. Ventos perfeitos para pr\u00e1ticas de kitesurf e windsurf. Um cen\u00e1rio cheio de convites para aproveitar: sobrevoar as fal\u00e9sias de Canoa Quebrada de parapente, experimentar lagosta e pescados fresquinhos, descansar rodeado de conforto e charme. Venha aproveitar.<\/p>\n<p><strong>CANOA QUEBRADA<\/strong> \u00e9 uma das mais visitadas no litoral cearense. Descoberta na d\u00e9cada de 70, desde ent\u00e3o o destino atrai visitantes de varias nacionalidades. A atmosfera descontra\u00edda de Canoa chama a aten\u00e7\u00e3o do visitante, que ainda conta com excelente estrutura de barracas \u00e0 beira-mar que servem o melhor da gastronomia local.<\/p>\n<p>Lua e estrela, sol e noite, agito e ref\u00fagio. Canoa Quebrada, antiga vila de pescadores, ganhou infraestrutura tur\u00edstica, mas preserva o charme de sua rusticidade. As fal\u00e9sias s\u00e3o o cart\u00e3o de visita da praia, enquanto que os bares e restaurantes oferecem um extenso card\u00e1pio, do ex\u00f3tico ao sofisticado. O artesanato das lojinhas com suas belas obras de arte, tamb\u00e9m merece ser apreciado.<\/p>\n<p>No local indica-se o passeio de buggy, passando por lagoas e dunas, com paradas para fotografia e aventura com a tirolesa. Mas poupe energia, porque na noite de Canoa sons e culturas se re\u00fanem para celebrar a vida. Vida que fica mais bonita quando se est\u00e1 no aconchego de Canoa.<\/p>\n<p>MORRO BRANCO, passeios de buggy, lagoas e dunas de encher os olhos, mirantes incr\u00edveis de onde se pode ver o imenso labirinto das fal\u00e9sias de areias coloridas; seu ponto forte. Localizada no munic\u00edpio de Beberibe, palco de grandes produ\u00e7\u00f5es cinematogr\u00e1ficas e televisivas, a praia de Morro Branco \u00e9 inesquec\u00edvel para o visitante.<\/p>\n<p>O grande atrativo da praia se configura num imenso pared\u00e3o de fal\u00e9sias e as fontes de \u00e1gua doce que surgem em forma de bicas \u00e0 beira-mar.<\/p>\n<p>Imperd\u00edvel no local s\u00e3o os trabalhos artesanais em recipientes de vidro \u2013 as famosas garrafinhas com areias coloridas. \u00c9 poss\u00edvel fazer um inesquec\u00edvel passeio de buggy, percorrendo uma extensa faixa de praia e belezas naturais como as fontes de \u00e1gua doce, grutas, dunas e a Lagoa do Urua\u00fa, a maior lagoa do litoral cearense.<\/p>\n<p>N\u00e3o bastasse todas as op\u00e7\u00f5es de passeios e compras oferecidas aos visitantes, a praia do Morro Branco possui ainda uma excelente infraestrutura de barracas, onde se encontra um variado card\u00e1pio, que vai da t\u00f3pica peixada cearense a uma sofisticada combina\u00e7\u00e3o de frutos do mar servido com massa italiana.<\/p>\n<p>Quem vai ao Cear\u00e1 sempre quer ficar. E n\u00e3o s\u00f3 por causa das belezas naturais. Mais que Jericoacoara, Canoa Quebrada, Morro Branco e tantas outras belezas naturais, o Cear\u00e1 tem o cearense. Um povo simp\u00e1tico, batalhador e, sobretudo, hospitaleiro. Gente que pinta, borda, canta e trabalha. Gente que cativa, contagia e faz qualquer um se sentir em casa, seja num pequeno hotel, numa pousada, numa varanda, ou, simplesmente, numa rede.<\/p>\n<hr \/>\n<p style=\"text-align: center;\"><strong>DICAS DE VIAGEM<\/strong><\/p>\n<p><strong>&#8211; Vegetarianos se ferram em Buenos Aires?<\/strong><\/p>\n<p>H\u00e1 op\u00e7\u00f5es nos bairros tur\u00edsticos como Puerto Madero e Palermo, zona do Krishna Veggie. Fora deles, restam as saladas.<\/p>\n<p><strong>&#8211; Apps ajudam os vegetarianos?<\/strong><\/p>\n<p>O Happy Cow elenca restaurantes e lojas veganas e vegetarianas na Europa e em pa\u00edses como EUA, Canad\u00e1, Austr\u00e1lia, Tail\u00e2ndia e Jap\u00e3o.<\/p>\n<p>&nbsp;<\/p>\n","protected":false},"excerpt":{"rendered":"<p>Com o frio castigando a regi\u00e3o, que tal ir curtir uma praia no Cear\u00e1, um dos melhores destinos tur\u00edsticos do pa\u00eds e onde a gente encontra praias bel\u00edssimas para todos os gostos: desertas, com cenogr\u00e1ficos coqueiros, com fal\u00e9sias coloridas; \u00e9 realmente um destino fant\u00e1stico, para quem ainda n\u00e3o foi \u00e9 uma \u00f3tima pedida. Vamos conhecer [&hellip;]<\/p>\n","protected":false},"author":96,"featured_media":107343,"comment_status":"closed","ping_status":"closed","sticky":false,"template":"","format":"standard","meta":{"footnotes":""},"categories":[284],"tags":[],"class_list":["post-107341","post","type-post","status-publish","format-standard","has-post-thumbnail","hentry","category-turismo-rosa-oliveira"],"_links":{"self":[{"href":"https:\/\/diarioregionaldigital.com.br\/index.php?rest_route=\/wp\/v2\/posts\/107341","targetHints":{"allow":["GET"]}}],"collection":[{"href":"https:\/\/diarioregionaldigital.com.br\/index.php?rest_route=\/wp\/v2\/posts"}],"about":[{"href":"https:\/\/diarioregionaldigital.com.br\/index.php?rest_route=\/wp\/v2\/types\/post"}],"author":[{"embeddable":true,"href":"https:\/\/diarioregionaldigital.com.br\/index.php?rest_route=\/wp\/v2\/users\/96"}],"replies":[{"embeddable":true,"href":"https:\/\/diarioregionaldigital.com.br\/index.php?rest_route=%2Fwp%2Fv2%2Fcomments&post=107341"}],"version-history":[{"count":0,"href":"https:\/\/diarioregionaldigital.com.br\/index.php?rest_route=\/wp\/v2\/posts\/107341\/revisions"}],"wp:featuredmedia":[{"embeddable":true,"href":"https:\/\/diarioregionaldigital.com.br\/index.php?rest_route=\/wp\/v2\/media\/107343"}],"wp:attachment":[{"href":"https:\/\/diarioregionaldigital.com.br\/index.php?rest_route=%2Fwp%2Fv2%2Fmedia&parent=107341"}],"wp:term":[{"taxonomy":"category","embeddable":true,"href":"https:\/\/diarioregionaldigital.com.br\/index.php?rest_route=%2Fwp%2Fv2%2Fcategories&post=107341"},{"taxonomy":"post_tag","embeddable":true,"href":"https:\/\/diarioregionaldigital.com.br\/index.php?rest_route=%2Fwp%2Fv2%2Ftags&post=107341"}],"curies":[{"name":"wp","href":"https:\/\/api.w.org\/{rel}","templated":true}]}}