{"id":107338,"date":"2018-06-08T15:17:02","date_gmt":"2018-06-08T18:17:02","guid":{"rendered":"http:\/\/diarioregionaljf.com.br\/?p=107338"},"modified":"2018-06-08T20:49:16","modified_gmt":"2018-06-08T23:49:16","slug":"jf-orienta-prefeitura-e-liga-transformam-a-realidade-de-micro-e-pequenos-empreendedores","status":"publish","type":"post","link":"https:\/\/diarioregionaldigital.com.br\/?p=107338","title":{"rendered":"JF Orienta: Prefeitura e Liga transformam a realidade de micro e pequenos empreendedores"},"content":{"rendered":"<p><em>Projeto, que teve a participa\u00e7\u00e3o de empres\u00e1rios juniores, levou orienta\u00e7\u00e3o e capacita\u00e7\u00e3o para o desenvolvimento de neg\u00f3cios locais e j\u00e1 teve caso de sucesso.<\/em><\/p>\n<p>&nbsp;<\/p>\n<p>Como forma de alavancar os resultados de microempreendedores locais, foi desenvolvido o<strong>\u00a0JF Orienta &#8211; Empreendedorismo<\/strong>. Fruto de uma parceria entre a Secretaria de Desenvolvimento Econ\u00f4mico, Trabalho e Turismo (Sedettur) e a Liga das Empresas Juniores de Juiz de Fora, o projeto teve in\u00edcio dia 13\/01 e foi at\u00e9 10\/02, em cinco encontros aos s\u00e1bados, na Vila Olavo Costa.<\/p>\n<p>&nbsp;<\/p>\n<p>Atrav\u00e9s de uma linguagem simples e acess\u00edvel, as oficinas de gerenciamento de neg\u00f3cios, realizadas no N\u00facleo de Travessia, abordaram os seguintes temas:<\/p>\n<ul>\n<li>Introdu\u00e7\u00e3o ao Empreendedorismo;<\/li>\n<li>Introdu\u00e7\u00e3o \u00e0 Gest\u00e3o Financeira;<\/li>\n<li>Introdu\u00e7\u00e3o \u00e0 Gest\u00e3o de Processos;<\/li>\n<li>Contextualiza\u00e7\u00e3o Geral.<\/li>\n<\/ul>\n<p>&nbsp;<\/p>\n<p>A ideia de gerar est\u00edmulos e conhecimento para que os neg\u00f3cios fossem melhor geridos, fortalecendo a economia da cidade, foi um sucesso. Ap\u00f3s os encontros, a Liga prestou um acompanhamento, por meio de consultorias personalizadas, aos empres\u00e1rios que participaram do projeto.<\/p>\n<p>&nbsp;<\/p>\n<p>Com todo o aprendizado adquirido, uma das participantes j\u00e1 obteve uma melhora significativa em seu neg\u00f3cio, como ela mesma revela em seu depoimento <em>\u201cAntes de participar dos encontros com a equipe da Liga, t\u00ednhamos um n\u00famero pequeno de encomendas. Eram de 5 a 10 cestas por m\u00eas, e hoje j\u00e1 fazemos em m\u00e9dia de uma cesta por dia, sendo que nas datas comemorativas tivemos grandes n\u00fameros de encomendas! E j\u00e1 estamos nos preparando para o dia 12 de junho, Dia dos Namorados, pois gra\u00e7as a Deus, o Dia das M\u00e3es deste ano foi um sucesso!\u201d<\/em>. Em apenas 2 meses, J\u00f4 Ferreira, dona da <strong>J\u00f4 Cestas<\/strong>, conseguiu dobrar o seu n\u00famero de vendas e teve seu produto exposto no programa<strong>\u00a0\u201cEncontro com F\u00e1tima Bernardes\u201d<\/strong>. Hoje, J\u00f4 segue recebendo consultoria para seguir evoluindo.<\/p>\n<p>&nbsp;<\/p>\n<p><em>\u00a0\u00a0\u00a0\u00a0\u00a0\u00a0\u00a0\u00a0 \u201c\u00c9 incr\u00edvel notar como simples atitudes geram um impacto enorme na realidade de uma comunidade. A inten\u00e7\u00e3o \u00e9 conseguir alavancar a produtividade dessas pessoas, para que consigam elevar de fato os lucros do pr\u00f3prio produto, consigam contratar mais pessoas, impactar mais fam\u00edlias e gerar lucro n\u00e3o apenas para si\u201d<\/em>, afirma o presidente da Liga, Gabriel \u00c1lvares Machado.<\/p>\n","protected":false},"excerpt":{"rendered":"<p>Projeto, que teve a participa\u00e7\u00e3o de empres\u00e1rios juniores, levou orienta\u00e7\u00e3o e capacita\u00e7\u00e3o para o desenvolvimento de neg\u00f3cios locais e j\u00e1 teve caso de sucesso. &nbsp; Como forma de alavancar os resultados de microempreendedores locais, foi desenvolvido o\u00a0JF Orienta &#8211; Empreendedorismo. Fruto de uma parceria entre a Secretaria de Desenvolvimento Econ\u00f4mico, Trabalho e Turismo (Sedettur) e [&hellip;]<\/p>\n","protected":false},"author":96,"featured_media":98196,"comment_status":"closed","ping_status":"closed","sticky":false,"template":"","format":"standard","meta":{"footnotes":""},"categories":[434,436,442,439],"tags":[],"class_list":["post-107338","post","type-post","status-publish","format-standard","has-post-thumbnail","hentry","category-blog","category-destaque-da-semana","category-espaco-consultoria","category-ultima-hora"],"_links":{"self":[{"href":"https:\/\/diarioregionaldigital.com.br\/index.php?rest_route=\/wp\/v2\/posts\/107338","targetHints":{"allow":["GET"]}}],"collection":[{"href":"https:\/\/diarioregionaldigital.com.br\/index.php?rest_route=\/wp\/v2\/posts"}],"about":[{"href":"https:\/\/diarioregionaldigital.com.br\/index.php?rest_route=\/wp\/v2\/types\/post"}],"author":[{"embeddable":true,"href":"https:\/\/diarioregionaldigital.com.br\/index.php?rest_route=\/wp\/v2\/users\/96"}],"replies":[{"embeddable":true,"href":"https:\/\/diarioregionaldigital.com.br\/index.php?rest_route=%2Fwp%2Fv2%2Fcomments&post=107338"}],"version-history":[{"count":0,"href":"https:\/\/diarioregionaldigital.com.br\/index.php?rest_route=\/wp\/v2\/posts\/107338\/revisions"}],"wp:featuredmedia":[{"embeddable":true,"href":"https:\/\/diarioregionaldigital.com.br\/index.php?rest_route=\/wp\/v2\/media\/98196"}],"wp:attachment":[{"href":"https:\/\/diarioregionaldigital.com.br\/index.php?rest_route=%2Fwp%2Fv2%2Fmedia&parent=107338"}],"wp:term":[{"taxonomy":"category","embeddable":true,"href":"https:\/\/diarioregionaldigital.com.br\/index.php?rest_route=%2Fwp%2Fv2%2Fcategories&post=107338"},{"taxonomy":"post_tag","embeddable":true,"href":"https:\/\/diarioregionaldigital.com.br\/index.php?rest_route=%2Fwp%2Fv2%2Ftags&post=107338"}],"curies":[{"name":"wp","href":"https:\/\/api.w.org\/{rel}","templated":true}]}}